{"id":655,"date":"2025-12-13T09:02:17","date_gmt":"2025-12-13T12:02:17","guid":{"rendered":"https:\/\/oexpressobr.com.br\/?p=655"},"modified":"2025-12-13T09:02:19","modified_gmt":"2025-12-13T12:02:19","slug":"pimentel-e-ratinho-junior-projeto-de-lei-em-curitiba-favorece-contratacao-temporaria-e-levanta-debate-sobre-a-uberizacao-do-servico-publico","status":"publish","type":"post","link":"https:\/\/oexpressobr.com.br\/?p=655","title":{"rendered":"Pimentel E Ratinho Junior: Projeto De Lei Em Curitiba Favorece Contrata\u00e7\u00e3o Tempor\u00e1ria E Levanta Debate Sobre A Uberiza\u00e7\u00e3o Do Servi\u00e7o P\u00fablico"},"content":{"rendered":"\n<p class=\"wp-block-paragraph\">O cen\u00e1rio pol\u00edtico e administrativo em Curitiba tem sido palco de uma intensa discuss\u00e3o ap\u00f3s a aprova\u00e7\u00e3o do Projeto de Lei n\u00ba 005.00768.2025 pela C\u00e2mara Municipal, uma iniciativa do prefeito Eduardo Pimentel (PSD). A medida tem gerado controv\u00e9rsia ao flexibilizar as normas de contrata\u00e7\u00e3o tempor\u00e1ria de servidores, fazendo com que o que antes era exce\u00e7\u00e3o passe a ter um papel mais proeminente no servi\u00e7o p\u00fablico municipal, em detrimento do concurso p\u00fablico.<\/p>\n\n\n\n<p class=\"wp-block-paragraph\">\u200bA cr\u00edtica central levantada por entidades sindicais e defensores do servi\u00e7o p\u00fablico reside no risco de <strong>&#8220;uberiza\u00e7\u00e3o&#8221;<\/strong> das atividades essenciais. A nova legisla\u00e7\u00e3o permite contrata\u00e7\u00f5es por hora e o estabelecimento de sal\u00e1rios baseados em &#8220;pre\u00e7os de mercado&#8221;, um modelo que, segundo cr\u00edticos, precariza as rela\u00e7\u00f5es de trabalho e mina a estabilidade e os direitos dos servidores.<\/p>\n\n\n\n<h3 class=\"wp-block-heading\">\u200bEfeito Domin\u00f3: A Influ\u00eancia Do Governo Estadual<\/h3>\n\n\n\n<p class=\"wp-block-paragraph\">\u200bA postura do prefeito Eduardo Pimentel \u00e9 vista por seus opositores como um alinhamento direto com a vis\u00e3o de seu mentor pol\u00edtico e apoiador, o governador Ratinho Junior (PSD), na agenda de reformas que buscam maior efici\u00eancia e, para os cr\u00edticos, o encolhimento do servi\u00e7o p\u00fablico tradicional.<\/p>\n\n\n\n<p class=\"wp-block-paragraph\">\u200bA preocupa\u00e7\u00e3o \u00e9 que a prioriza\u00e7\u00e3o de contrata\u00e7\u00f5es sem a garantia da estabilidade e sem o rigor da sele\u00e7\u00e3o por concurso p\u00fablico abra precedentes para a instrumentaliza\u00e7\u00e3o da m\u00e1quina p\u00fablica. O alerta \u00e9 de que a substitui\u00e7\u00e3o de quadros efetivos e qualificados por tempor\u00e1rios e indica\u00e7\u00f5es pol\u00edticas afeta diretamente a <strong>qualidade e a continuidade dos servi\u00e7os prestados<\/strong> \u00e0 popula\u00e7\u00e3o.<\/p>\n\n\n\n<h3 class=\"wp-block-heading\">\u200bParalelo Nacional: A PEC 38\/2025<\/h3>\n\n\n\n<p class=\"wp-block-paragraph\">\u200bO debate em Curitiba ecoa a discuss\u00e3o em n\u00edvel federal sobre a Proposta de Emenda \u00e0 Constitui\u00e7\u00e3o (PEC) n\u00ba 38\/2025, a chamada Reforma Administrativa.<\/p>\n\n\n\n<p class=\"wp-block-paragraph\">\u200bA PEC 38\/2025, que tramita na C\u00e2mara dos Deputados, visa reformular a estrutura de carreiras, a forma de ingresso e as regras de desligamento de servidores em todas as esferas. Entre os pontos mais controversos est\u00e3o:<\/p>\n\n\n\n<ul class=\"wp-block-list\">\n<li>\u200b<strong>Novas Modalidades de V\u00ednculo:<\/strong> A PEC prop\u00f5e diferentes tipos de contratos, inclusive por tempo determinado e de experi\u00eancia, que podem ser usados para atividades que hoje s\u00e3o consideradas exclusivas de servidores efetivos.<\/li>\n\n\n\n<li>\u200b<strong>Avalia\u00e7\u00e3o de Desempenho:<\/strong> Estabelece crit\u00e9rios mais rigorosos para a avalia\u00e7\u00e3o de desempenho, podendo levar \u00e0 perda do cargo por insufici\u00eancia.<\/li>\n\n\n\n<li>\u200b<strong>Terceiriza\u00e7\u00e3o de Atividades:<\/strong> Abre a possibilidade para que o setor privado ou organiza\u00e7\u00f5es sociais assumam atividades que hoje s\u00e3o realizadas por servidores p\u00fablicos, aumentando a terceiriza\u00e7\u00e3o.<\/li>\n<\/ul>\n\n\n\n<p class=\"wp-block-paragraph\">\u200bA proposta de Curitiba, ao flexibilizar a contrata\u00e7\u00e3o tempor\u00e1ria e introduzir a m\u00e9trica de &#8220;pre\u00e7os de mercado&#8221;, caminha na mesma dire\u00e7\u00e3o das reformas propostas na PEC 38\/2025: <strong>a desconstru\u00e7\u00e3o de direitos trabalhistas e a terceiriza\u00e7\u00e3o de atividades essenciais<\/strong> como palavra de ordem.<\/p>\n\n\n\n<h3 class=\"wp-block-heading\">\u200bMobiliza\u00e7\u00e3o \u00c9 O Caminho<\/h3>\n\n\n\n<p class=\"wp-block-paragraph\">\u200bDiante do avan\u00e7o dessas medidas no \u00e2mbito municipal e federal, a mobiliza\u00e7\u00e3o de servidores e da sociedade civil \u00e9 vista como crucial. Entidades de classe e sindicatos t\u00eam alertado para a necessidade de resist\u00eancia cont\u00ednua contra o que chamam de um ataque direto \u00e0 profissionaliza\u00e7\u00e3o e \u00e0 autonomia do servi\u00e7o p\u00fablico. A defesa \u00e9 por concursos p\u00fablicos como a regra, garantindo a qualifica\u00e7\u00e3o t\u00e9cnica e a isonomia no acesso aos cargos, fatores considerados pilares para um servi\u00e7o p\u00fablico de excel\u00eancia e n\u00e3o sujeito a alinhamentos pol\u00edticos.<\/p>\n","protected":false},"excerpt":{"rendered":"<p>O cen\u00e1rio pol\u00edtico e administrativo em Curitiba tem sido palco de uma intensa discuss\u00e3o ap\u00f3s a aprova\u00e7\u00e3o do Projeto de Lei n\u00ba 005.00768.2025 pela C\u00e2mara [&#8230;]<\/p>\n","protected":false},"author":1,"featured_media":656,"comment_status":"closed","ping_status":"closed","sticky":false,"template":"","format":"standard","meta":{"_crdt_document":"","_jetpack_memberships_contains_paid_content":false,"footnotes":"","jetpack_publicize_message":"","jetpack_publicize_feature_enabled":true,"jetpack_social_post_already_shared":false,"jetpack_social_options":{"image_generator_settings":{"template":"highway","default_image_id":0,"font":"","enabled":false},"version":2}},"categories":[5],"tags":[],"class_list":["post-655","post","type-post","status-publish","format-standard","has-post-thumbnail","hentry","category-parana"],"jetpack_publicize_connections":[],"jetpack_featured_media_url":"https:\/\/i0.wp.com\/oexpressobr.com.br\/wp-content\/uploads\/2025\/12\/ratinho-pimentel.jpg?fit=800%2C600&ssl=1","jetpack_likes_enabled":true,"jetpack_sharing_enabled":true,"_links":{"self":[{"href":"https:\/\/oexpressobr.com.br\/index.php?rest_route=\/wp\/v2\/posts\/655","targetHints":{"allow":["GET"]}}],"collection":[{"href":"https:\/\/oexpressobr.com.br\/index.php?rest_route=\/wp\/v2\/posts"}],"about":[{"href":"https:\/\/oexpressobr.com.br\/index.php?rest_route=\/wp\/v2\/types\/post"}],"author":[{"embeddable":true,"href":"https:\/\/oexpressobr.com.br\/index.php?rest_route=\/wp\/v2\/users\/1"}],"replies":[{"embeddable":true,"href":"https:\/\/oexpressobr.com.br\/index.php?rest_route=%2Fwp%2Fv2%2Fcomments&post=655"}],"version-history":[{"count":1,"href":"https:\/\/oexpressobr.com.br\/index.php?rest_route=\/wp\/v2\/posts\/655\/revisions"}],"predecessor-version":[{"id":657,"href":"https:\/\/oexpressobr.com.br\/index.php?rest_route=\/wp\/v2\/posts\/655\/revisions\/657"}],"wp:featuredmedia":[{"embeddable":true,"href":"https:\/\/oexpressobr.com.br\/index.php?rest_route=\/wp\/v2\/media\/656"}],"wp:attachment":[{"href":"https:\/\/oexpressobr.com.br\/index.php?rest_route=%2Fwp%2Fv2%2Fmedia&parent=655"}],"wp:term":[{"taxonomy":"category","embeddable":true,"href":"https:\/\/oexpressobr.com.br\/index.php?rest_route=%2Fwp%2Fv2%2Fcategories&post=655"},{"taxonomy":"post_tag","embeddable":true,"href":"https:\/\/oexpressobr.com.br\/index.php?rest_route=%2Fwp%2Fv2%2Ftags&post=655"}],"curies":[{"name":"wp","href":"https:\/\/api.w.org\/{rel}","templated":true}]}}