{"id":664,"date":"2025-12-13T09:42:23","date_gmt":"2025-12-13T12:42:23","guid":{"rendered":"https:\/\/oexpressobr.com.br\/?p=664"},"modified":"2025-12-13T09:42:24","modified_gmt":"2025-12-13T12:42:24","slug":"icaro-de-valmir-o-unico-do-pl-que-votou-pela-cassacao-de-carla-zambelli","status":"publish","type":"post","link":"https:\/\/oexpressobr.com.br\/?p=664","title":{"rendered":"\u00cdcaro de Valmir: o \u00fanico do PL que votou pela cassa\u00e7\u00e3o de Carla Zambelli"},"content":{"rendered":"\n<p class=\"wp-block-paragraph\"><strong>Deputado de Sergipe, o parlamentar mais jovem da C\u00e2mara Federal foi o voto isolado de seu partido contra a colega paulista, cuja perda de mandato foi rejeitada em plen\u00e1rio.<\/strong><\/p>\n\n\n\n<p class=\"wp-block-paragraph\">\u200bA C\u00e2mara dos Deputados rejeitou, na madrugada da \u00faltima quinta-feira, 11 de dezembro de 2025, o pedido de cassa\u00e7\u00e3o da deputada federal Carla Zambelli (PL-SP). No entanto, o resultado da vota\u00e7\u00e3o em plen\u00e1rio evidenciou um racha interno no Partido Liberal (PL), legenda de Zambelli, com um voto dissidente que chamou a aten\u00e7\u00e3o: o do deputado \u00cdcaro de Valmir (PL-SE).<\/p>\n\n\n\n<p class=\"wp-block-paragraph\">\u200b\u00cdcaro de Valmir foi o \u00fanico parlamentar do PL a se manifestar favoravelmente \u00e0 cassa\u00e7\u00e3o da colega de partido. Dos 408 deputados presentes, 227 votaram a favor da perda do mandato, mas o qu\u00f3rum ficou 30 votos abaixo do necess\u00e1rio (342) para que a cassa\u00e7\u00e3o fosse aprovada. Com 170 votos contr\u00e1rios e 10 absten\u00e7\u00f5es, a decis\u00e3o resultou no arquivamento do caso de Zambelli.<\/p>\n\n\n\n<h3 class=\"wp-block-heading\">\u200bQuem \u00e9 \u00cdcaro de Valmir<\/h3>\n\n\n\n<p class=\"wp-block-paragraph\">\u200bRepresentante de Sergipe, \u00cdcaro de Valmir \u00e9 um deputado em primeiro mandato e se destaca por ser o mais jovem parlamentar da C\u00e2mara Federal. Eleito em 2022 aos 21 anos, ele \u00e9 filho de Valmir de Francisquinho, que tamb\u00e9m \u00e9 filiado ao PL e foi prefeito de Itabaiana, em Sergipe. Seu irm\u00e3o, Talysson de Valmir, \u00e9 o atual prefeito de Areia Branca, no interior do estado.<\/p>\n\n\n\n<p class=\"wp-block-paragraph\">\u200bO voto de \u00cdcaro pela cassa\u00e7\u00e3o, que divergiu da orienta\u00e7\u00e3o de sua bancada e foi visto por alguns cr\u00edticos como um &#8220;voto geogr\u00e1fico na tentativa de aparecer&#8221;, gerou atrito. O deputado era, inclusive, vice-l\u00edder da oposi\u00e7\u00e3o no Congresso.<\/p>\n\n\n\n<h3 class=\"wp-block-heading\">\u200bContradi\u00e7\u00e3o e mandatos sob risco<\/h3>\n\n\n\n<p class=\"wp-block-paragraph\">\u200bA posi\u00e7\u00e3o de \u00cdcaro de Valmir no caso Zambelli ocorre em um momento em que ele pr\u00f3prio enfrenta uma situa\u00e7\u00e3o pol\u00edtica delicada. O deputado de Sergipe \u00e9 alvo de um pedido de cassa\u00e7\u00e3o no Tribunal Regional Eleitoral (TRE) de seu estado.<\/p>\n\n\n\n<p class=\"wp-block-paragraph\">\u200bEm 2024, o TRE decidiu pela cassa\u00e7\u00e3o do seu mandato sob o argumento de que o PL n\u00e3o teria cumprido a cota de g\u00eanero durante as Elei\u00e7\u00f5es de 2022. \u00cdcaro de Valmir aguarda atualmente o julgamento de um novo recurso no Tribunal Superior Eleitoral (TSE), que definir\u00e1 se ele permanecer\u00e1 ou n\u00e3o no cargo.<\/p>\n","protected":false},"excerpt":{"rendered":"<p>Deputado de Sergipe, o parlamentar mais jovem da C\u00e2mara Federal foi o voto isolado de seu partido contra a colega paulista, cuja perda de mandato [&#8230;]<\/p>\n","protected":false},"author":1,"featured_media":665,"comment_status":"closed","ping_status":"closed","sticky":false,"template":"","format":"standard","meta":{"_crdt_document":"","_jetpack_memberships_contains_paid_content":false,"footnotes":"","jetpack_publicize_message":"","jetpack_publicize_feature_enabled":true,"jetpack_social_post_already_shared":false,"jetpack_social_options":{"image_generator_settings":{"template":"highway","default_image_id":0,"font":"","enabled":false},"version":2}},"categories":[3],"tags":[],"class_list":["post-664","post","type-post","status-publish","format-standard","has-post-thumbnail","hentry","category-brasil"],"jetpack_publicize_connections":[],"jetpack_featured_media_url":"https:\/\/i0.wp.com\/oexpressobr.com.br\/wp-content\/uploads\/2025\/12\/icaro-de-valmir-420x315-1.jpg?fit=420%2C315&ssl=1","jetpack_likes_enabled":true,"jetpack_sharing_enabled":true,"_links":{"self":[{"href":"https:\/\/oexpressobr.com.br\/index.php?rest_route=\/wp\/v2\/posts\/664","targetHints":{"allow":["GET"]}}],"collection":[{"href":"https:\/\/oexpressobr.com.br\/index.php?rest_route=\/wp\/v2\/posts"}],"about":[{"href":"https:\/\/oexpressobr.com.br\/index.php?rest_route=\/wp\/v2\/types\/post"}],"author":[{"embeddable":true,"href":"https:\/\/oexpressobr.com.br\/index.php?rest_route=\/wp\/v2\/users\/1"}],"replies":[{"embeddable":true,"href":"https:\/\/oexpressobr.com.br\/index.php?rest_route=%2Fwp%2Fv2%2Fcomments&post=664"}],"version-history":[{"count":1,"href":"https:\/\/oexpressobr.com.br\/index.php?rest_route=\/wp\/v2\/posts\/664\/revisions"}],"predecessor-version":[{"id":666,"href":"https:\/\/oexpressobr.com.br\/index.php?rest_route=\/wp\/v2\/posts\/664\/revisions\/666"}],"wp:featuredmedia":[{"embeddable":true,"href":"https:\/\/oexpressobr.com.br\/index.php?rest_route=\/wp\/v2\/media\/665"}],"wp:attachment":[{"href":"https:\/\/oexpressobr.com.br\/index.php?rest_route=%2Fwp%2Fv2%2Fmedia&parent=664"}],"wp:term":[{"taxonomy":"category","embeddable":true,"href":"https:\/\/oexpressobr.com.br\/index.php?rest_route=%2Fwp%2Fv2%2Fcategories&post=664"},{"taxonomy":"post_tag","embeddable":true,"href":"https:\/\/oexpressobr.com.br\/index.php?rest_route=%2Fwp%2Fv2%2Ftags&post=664"}],"curies":[{"name":"wp","href":"https:\/\/api.w.org\/{rel}","templated":true}]}}