{"id":668,"date":"2025-12-13T09:51:18","date_gmt":"2025-12-13T12:51:18","guid":{"rendered":"https:\/\/oexpressobr.com.br\/?p=668"},"modified":"2025-12-13T09:51:20","modified_gmt":"2025-12-13T12:51:20","slug":"emenda-2-coloca-devolucao-de-dias-de-servidores-em-risco-e-gera-pressao-no-senado","status":"publish","type":"post","link":"https:\/\/oexpressobr.com.br\/?p=668","title":{"rendered":"Emenda 2 Coloca Devolu\u00e7\u00e3o De Dias De Servidores Em Risco E Gera Press\u00e3o No Senado"},"content":{"rendered":"\n<p class=\"wp-block-paragraph\">A luta pelo chamado <strong>&#8220;Descongela J\u00e1&#8221;<\/strong> entrou em uma fase decisiva no Senado Federal e causou forte mobiliza\u00e7\u00e3o de entidades de servidores p\u00fablicos. O projeto que visa restituir o tempo de servi\u00e7o congelado durante a pandemia, per\u00edodo compreendido entre maio de 2020 e dezembro de 2021, est\u00e1 em pauta, mas uma emenda em especial tem gerado grande controv\u00e9rsia: a <strong>Emenda 2<\/strong>.<\/p>\n\n\n\n<p class=\"wp-block-paragraph\">\u200bO Projeto de Lei Complementar (PLP) n\u00ba 143\/2020 (ou PLP 21\/2023, de autoria da deputada Luciene Cavalcante, que trata do mesmo tema e cuja mobiliza\u00e7\u00e3o converge), busca garantir o reconhecimento dos dias em que os servidores p\u00fablicos trabalharam, mas tiveram o tempo de servi\u00e7o suspenso para fins de adicionais, progress\u00f5es e outros benef\u00edcios, por for\u00e7a da Lei Complementar 173\/2020. A proposta j\u00e1 havia sido aprovada na C\u00e2mara dos Deputados em agosto e segue para vota\u00e7\u00e3o no Plen\u00e1rio do Senado.<\/p>\n\n\n\n<p class=\"wp-block-paragraph\">\u200b<strong>O Ponto de Tens\u00e3o: Emenda 2<\/strong><\/p>\n\n\n\n<p class=\"wp-block-paragraph\">\u200bO principal foco de disc\u00f3rdia \u00e9 a Emenda 2. Se aprovada, ela modifica o texto original para que a devolu\u00e7\u00e3o dos 583 dias congelados se torne um ato <strong>meramente autorizativo<\/strong>, e n\u00e3o mais <strong>autom\u00e1tico<\/strong>. Na pr\u00e1tica, isso significa que, em vez de o tempo ser restitu\u00eddo imediatamente, cada ente federativo (estados e munic\u00edpios) ganharia o poder de decidir se devolver\u00e1 ou n\u00e3o os dias, condicionando o reconhecimento \u00e0 sua capacidade or\u00e7ament\u00e1ria e a um ato de autoriza\u00e7\u00e3o.<\/p>\n\n\n\n<p class=\"wp-block-paragraph\">\u200bEssa mudan\u00e7a \u00e9 vista pelas categorias de servidores como um grande <strong>retrocesso<\/strong>. Para sindicatos e associa\u00e7\u00f5es, a aprova\u00e7\u00e3o da emenda anula o principal avan\u00e7o conquistado na C\u00e2mara dos Deputados, transformando o que deveria ser uma repara\u00e7\u00e3o de injusti\u00e7a em uma incerteza jur\u00eddica e administrativa, deixando a crit\u00e9rio de cada governo a decis\u00e3o de cumprir ou n\u00e3o a medida.<\/p>\n\n\n\n<p class=\"wp-block-paragraph\">\u200b<strong>Mobiliza\u00e7\u00e3o Intensa Pressiona Senadores<\/strong><\/p>\n\n\n\n<p class=\"wp-block-paragraph\">\u200bDiante do risco, a mobiliza\u00e7\u00e3o dos servidores p\u00fablicos e entidades sindicais de todo o pa\u00eds se intensificou, com a palavra de ordem sendo a <strong>retirada da Emenda 2<\/strong>. Campanhas virtuais, envio massivo de e-mails e telefonemas aos gabinetes dos senadores buscam sensibilizar os parlamentares para que o texto seja votado sem a modifica\u00e7\u00e3o. O objetivo \u00e9 garantir que o descongelamento seja efetivo e uniforme em todos os n\u00edveis da federa\u00e7\u00e3o.<\/p>\n\n\n\n<p class=\"wp-block-paragraph\">\u200bA vota\u00e7\u00e3o do m\u00e9rito, que j\u00e1 foi adiada em sess\u00f5es anteriores, est\u00e1 prevista para os pr\u00f3ximos dias no Plen\u00e1rio do Senado, tornando a press\u00e3o das categorias decisiva para o desfecho do PLP e para a garantia dos direitos de milhares de servidores que atuaram na linha de frente e em \u00e1reas essenciais durante a crise sanit\u00e1ria.<\/p>\n\n\n\n<p class=\"wp-block-paragraph\"><\/p>\n","protected":false},"excerpt":{"rendered":"<p>A luta pelo chamado &#8220;Descongela J\u00e1&#8221; entrou em uma fase decisiva no Senado Federal e causou forte mobiliza\u00e7\u00e3o de entidades de servidores p\u00fablicos. O projeto [&#8230;]<\/p>\n","protected":false},"author":1,"featured_media":669,"comment_status":"closed","ping_status":"closed","sticky":false,"template":"","format":"standard","meta":{"_crdt_document":"","_jetpack_memberships_contains_paid_content":false,"footnotes":"","jetpack_publicize_message":"","jetpack_publicize_feature_enabled":true,"jetpack_social_post_already_shared":false,"jetpack_social_options":{"image_generator_settings":{"template":"highway","default_image_id":0,"font":"","enabled":false},"version":2}},"categories":[3],"tags":[],"class_list":["post-668","post","type-post","status-publish","format-standard","has-post-thumbnail","hentry","category-brasil"],"jetpack_publicize_connections":[],"jetpack_featured_media_url":"https:\/\/i0.wp.com\/oexpressobr.com.br\/wp-content\/uploads\/2025\/12\/descongela-imagem.png?fit=800%2C420&ssl=1","jetpack_likes_enabled":true,"jetpack_sharing_enabled":true,"_links":{"self":[{"href":"https:\/\/oexpressobr.com.br\/index.php?rest_route=\/wp\/v2\/posts\/668","targetHints":{"allow":["GET"]}}],"collection":[{"href":"https:\/\/oexpressobr.com.br\/index.php?rest_route=\/wp\/v2\/posts"}],"about":[{"href":"https:\/\/oexpressobr.com.br\/index.php?rest_route=\/wp\/v2\/types\/post"}],"author":[{"embeddable":true,"href":"https:\/\/oexpressobr.com.br\/index.php?rest_route=\/wp\/v2\/users\/1"}],"replies":[{"embeddable":true,"href":"https:\/\/oexpressobr.com.br\/index.php?rest_route=%2Fwp%2Fv2%2Fcomments&post=668"}],"version-history":[{"count":1,"href":"https:\/\/oexpressobr.com.br\/index.php?rest_route=\/wp\/v2\/posts\/668\/revisions"}],"predecessor-version":[{"id":670,"href":"https:\/\/oexpressobr.com.br\/index.php?rest_route=\/wp\/v2\/posts\/668\/revisions\/670"}],"wp:featuredmedia":[{"embeddable":true,"href":"https:\/\/oexpressobr.com.br\/index.php?rest_route=\/wp\/v2\/media\/669"}],"wp:attachment":[{"href":"https:\/\/oexpressobr.com.br\/index.php?rest_route=%2Fwp%2Fv2%2Fmedia&parent=668"}],"wp:term":[{"taxonomy":"category","embeddable":true,"href":"https:\/\/oexpressobr.com.br\/index.php?rest_route=%2Fwp%2Fv2%2Fcategories&post=668"},{"taxonomy":"post_tag","embeddable":true,"href":"https:\/\/oexpressobr.com.br\/index.php?rest_route=%2Fwp%2Fv2%2Ftags&post=668"}],"curies":[{"name":"wp","href":"https:\/\/api.w.org\/{rel}","templated":true}]}}