{"id":671,"date":"2025-12-13T10:03:08","date_gmt":"2025-12-13T13:03:08","guid":{"rendered":"https:\/\/oexpressobr.com.br\/?p=671"},"modified":"2025-12-13T10:03:10","modified_gmt":"2025-12-13T13:03:10","slug":"caetano-veloso-e-artistas-promovem-ato-musical-2-contra-pl-da-dosimetria-em-copacabana","status":"publish","type":"post","link":"https:\/\/oexpressobr.com.br\/?p=671","title":{"rendered":"Caetano Veloso e Artistas Promovem &#8220;Ato Musical 2&#8221; Contra PL da Dosimetria em Copacabana"},"content":{"rendered":"\n<p class=\"wp-block-paragraph\">O cantor e compositor baiano <strong>Caetano Veloso<\/strong> convocou um novo protesto nas ruas, desta vez, em rea\u00e7\u00e3o \u00e0 recente aprova\u00e7\u00e3o na C\u00e2mara dos Deputados do pol\u00eamico <strong>Projeto de Lei da Dosimetria<\/strong> (PL). Apelidado de <strong>&#8220;Ato Musical 2: O Retorno&#8221;<\/strong>, a manifesta\u00e7\u00e3o est\u00e1 marcada para este domingo (14), em Copacabana, e tem como principal bandeira o lema <strong>\u201cVamos devolver o Congresso para o povo\u201d<\/strong>.<\/p>\n\n\n\n<p class=\"wp-block-paragraph\">\u200bO ato \u00e9 uma continua\u00e7\u00e3o da mobiliza\u00e7\u00e3o realizada em setembro, quando Caetano e outros grandes nomes da m\u00fasica brasileira, como <strong>Djavan, Chico Buarque, Gilberto Gil, Ivan Lins e Lenine<\/strong>, subiram ao palco em uma manifesta\u00e7\u00e3o na capital fluminense. Para esta nova rodada, a presen\u00e7a de <strong>Gilberto Gil<\/strong> e <strong>Paulinho da Viola<\/strong> j\u00e1 est\u00e1 confirmada, sinalizando que a press\u00e3o popular e art\u00edstica contra as decis\u00f5es do Legislativo continuar\u00e1 ruidosa. O evento est\u00e1 previsto para ocorrer na orla de Copacabana, entre os Postos 4 e 5.<\/p>\n\n\n\n<h3 class=\"wp-block-heading\">\u200b<strong>O PL da Dosimetria e a Cr\u00edtica de &#8220;Acord\u00e3o&#8221;<\/strong><\/h3>\n\n\n\n<p class=\"wp-block-paragraph\">\u200bO foco central da mobiliza\u00e7\u00e3o \u00e9 o <strong>PL da Dosimetria<\/strong>, uma proposta que tem sido amplamente criticada por abrir caminho para a redu\u00e7\u00e3o de pena de condenados, em especial, os envolvidos nos ataques \u00e0s institui\u00e7\u00f5es de 8 de janeiro. O projeto, relatado na C\u00e2mara pelo deputado <strong>Paulinho da For\u00e7a (Solidariedade-SP)<\/strong>, prop\u00f5e mudan\u00e7as na regra do &#8220;concurso formal de crimes&#8221;, o que, na pr\u00e1tica, poderia diminuir significativamente a condena\u00e7\u00e3o de figuras como o ex-presidente <strong>Jair Bolsonaro<\/strong>, que foi sentenciado a 27 anos e tr\u00eas meses de pris\u00e3o por tentativa de golpe de Estado e outros crimes.<\/p>\n\n\n\n<p class=\"wp-block-paragraph\">\u200bA aprova\u00e7\u00e3o do texto pela C\u00e2mara, ocorrida em &#8220;uma calada da noite&#8221;, gerou grande repercuss\u00e3o negativa nas redes sociais, com muitos enxergando a medida como um &#8220;acord\u00e3o&#8221; pol\u00edtico para abrandar crimes classificados como grav\u00edssimos e atenuar a responsabiliza\u00e7\u00e3o pela tentativa de ruptura do Estado Democr\u00e1tico de Direito.<\/p>\n\n\n\n<h3 class=\"wp-block-heading\">\u200b<strong>Tramita\u00e7\u00e3o no Senado e Press\u00e3o do Governo<\/strong><\/h3>\n\n\n\n<p class=\"wp-block-paragraph\">\u200bAs \u00faltimas atualiza\u00e7\u00f5es indicam que o projeto de lei da dosimetria entrou em um compasso de espera no Senado Federal. O texto j\u00e1 se encontra na <strong>Comiss\u00e3o de Constitui\u00e7\u00e3o e Justi\u00e7a (CCJ)<\/strong>, onde o senador <strong>Esperidi\u00e3o Amin<\/strong> foi designado relator. A previs\u00e3o \u00e9 que o relat\u00f3rio seja apresentado na pr\u00f3xima quarta-feira, mas o temor de pedidos de vista \u2014 que podem adiar a vota\u00e7\u00e3o para a semana seguinte e, com a proximidade do recesso parlamentar, para o pr\u00f3ximo ano \u2014 \u00e9 real.<\/p>\n\n\n\n<p class=\"wp-block-paragraph\">\u200bDiante da intensa press\u00e3o popular e da rea\u00e7\u00e3o negativa, o governo <strong>Luiz In\u00e1cio Lula da Silva<\/strong> tem refor\u00e7ado seu posicionamento contr\u00e1rio ao PL, articulando-se para tentar alterar o texto no Senado. O pr\u00f3prio presidente Lula, em declara\u00e7\u00e3o recente, foi categ\u00f3rico ao afirmar que <strong>&#8220;Bolsonaro tem que pagar pela tentativa de golpe&#8221;<\/strong>, deixando claro que tomar\u00e1 uma decis\u00e3o que julgue correta caso o projeto chegue \u00e0 sua mesa para san\u00e7\u00e3o.<\/p>\n\n\n\n<p class=\"wp-block-paragraph\">\u200bA convoca\u00e7\u00e3o de Caetano Veloso, portanto, visa manter alta a press\u00e3o social sobre os senadores, que decidir\u00e3o o futuro da proposta, refor\u00e7ando a mensagem de <strong>&#8220;sem anistia&#8221;<\/strong> entoada pelos manifestantes.<\/p>\n","protected":false},"excerpt":{"rendered":"<p>O cantor e compositor baiano Caetano Veloso convocou um novo protesto nas ruas, desta vez, em rea\u00e7\u00e3o \u00e0 recente aprova\u00e7\u00e3o na C\u00e2mara dos Deputados do [&#8230;]<\/p>\n","protected":false},"author":1,"featured_media":672,"comment_status":"closed","ping_status":"closed","sticky":false,"template":"","format":"standard","meta":{"_crdt_document":"","_jetpack_memberships_contains_paid_content":false,"footnotes":"","jetpack_publicize_message":"","jetpack_publicize_feature_enabled":true,"jetpack_social_post_already_shared":false,"jetpack_social_options":{"image_generator_settings":{"template":"highway","default_image_id":0,"font":"","enabled":false},"version":2}},"categories":[3],"tags":[],"class_list":["post-671","post","type-post","status-publish","format-standard","has-post-thumbnail","hentry","category-brasil"],"jetpack_publicize_connections":[],"jetpack_featured_media_url":"https:\/\/i0.wp.com\/oexpressobr.com.br\/wp-content\/uploads\/2025\/12\/SnapInsta.to_552101674_18531272887022779_3573339083569683706_n.jpg?fit=414%2C280&ssl=1","jetpack_likes_enabled":true,"jetpack_sharing_enabled":true,"_links":{"self":[{"href":"https:\/\/oexpressobr.com.br\/index.php?rest_route=\/wp\/v2\/posts\/671","targetHints":{"allow":["GET"]}}],"collection":[{"href":"https:\/\/oexpressobr.com.br\/index.php?rest_route=\/wp\/v2\/posts"}],"about":[{"href":"https:\/\/oexpressobr.com.br\/index.php?rest_route=\/wp\/v2\/types\/post"}],"author":[{"embeddable":true,"href":"https:\/\/oexpressobr.com.br\/index.php?rest_route=\/wp\/v2\/users\/1"}],"replies":[{"embeddable":true,"href":"https:\/\/oexpressobr.com.br\/index.php?rest_route=%2Fwp%2Fv2%2Fcomments&post=671"}],"version-history":[{"count":1,"href":"https:\/\/oexpressobr.com.br\/index.php?rest_route=\/wp\/v2\/posts\/671\/revisions"}],"predecessor-version":[{"id":673,"href":"https:\/\/oexpressobr.com.br\/index.php?rest_route=\/wp\/v2\/posts\/671\/revisions\/673"}],"wp:featuredmedia":[{"embeddable":true,"href":"https:\/\/oexpressobr.com.br\/index.php?rest_route=\/wp\/v2\/media\/672"}],"wp:attachment":[{"href":"https:\/\/oexpressobr.com.br\/index.php?rest_route=%2Fwp%2Fv2%2Fmedia&parent=671"}],"wp:term":[{"taxonomy":"category","embeddable":true,"href":"https:\/\/oexpressobr.com.br\/index.php?rest_route=%2Fwp%2Fv2%2Fcategories&post=671"},{"taxonomy":"post_tag","embeddable":true,"href":"https:\/\/oexpressobr.com.br\/index.php?rest_route=%2Fwp%2Fv2%2Ftags&post=671"}],"curies":[{"name":"wp","href":"https:\/\/api.w.org\/{rel}","templated":true}]}}