{"id":674,"date":"2025-12-13T10:09:44","date_gmt":"2025-12-13T13:09:44","guid":{"rendered":"https:\/\/oexpressobr.com.br\/?p=674"},"modified":"2025-12-13T10:09:45","modified_gmt":"2025-12-13T13:09:45","slug":"temor-de-protestos-e-repercussao-negativa-nas-redes-poem-em-xeque-votacao-do-pl-da-dosimetria-no-senado","status":"publish","type":"post","link":"https:\/\/oexpressobr.com.br\/?p=674","title":{"rendered":"Temor de Protestos e Repercuss\u00e3o Negativa nas Redes P\u00f5em em Xeque Vota\u00e7\u00e3o do PL da Dosimetria no Senado"},"content":{"rendered":"\n<p class=\"wp-block-paragraph\">A tramita\u00e7\u00e3o do Projeto de Lei (PL) 2.162\/2023, conhecido como PL da Dosimetria, entrou em um cen\u00e1rio de incerteza no Senado Federal, mesmo ap\u00f3s sua aprova\u00e7\u00e3o na C\u00e2mara dos Deputados na madrugada da \u00faltima quarta-feira (10). A intensa repercuss\u00e3o negativa nas redes sociais, que classificou a medida como uma &#8220;anistia disfar\u00e7ada&#8221; para condenados pelos atos de 8 de Janeiro de 2023, e o temor de protestos massivos est\u00e3o levando l\u00edderes e senadores a considerar o adiamento da vota\u00e7\u00e3o para 2026.<\/p>\n\n\n\n<h3 class=\"wp-block-heading\">\u200bPauta da CCJ Amea\u00e7ada<\/h3>\n\n\n\n<p class=\"wp-block-paragraph\">\u200bO presidente do Senado, Davi Alcolumbre (Uni\u00e3o-AP), havia sinalizado a inten\u00e7\u00e3o de pautar o projeto rapidamente, enviando-o \u00e0 Comiss\u00e3o de Constitui\u00e7\u00e3o e Justi\u00e7a (CCJ). A vota\u00e7\u00e3o na CCJ, sob a relatoria do senador Esperidi\u00e3o Amin (PP-SC), apoiador do ex-presidente Jair Bolsonaro, est\u00e1 agendada para a pr\u00f3xima quarta-feira (17). No entanto, a possibilidade de pedidos de vista \u2014 manobra regimental que adia a an\u00e1lise \u2014 \u00e9 vista como um caminho prov\u00e1vel para postergar a decis\u00e3o para depois do recesso parlamentar, j\u00e1 que o prazo para o fim do ano legislativo se aproxima.<\/p>\n\n\n\n<p class=\"wp-block-paragraph\">\u200bO PL da Dosimetria prop\u00f5e altera\u00e7\u00f5es no C\u00f3digo Penal e na Lei de Execu\u00e7\u00e3o Penal (LEP), que, na pr\u00e1tica, podem reduzir significativamente as penas de condenados por crimes contra a democracia, como os envolvidos no 8 de Janeiro, incluindo o ex-presidente Jair Bolsonaro, condenado a 27 anos e tr\u00eas meses de pris\u00e3o por tentativa de golpe e outros crimes. Segundo o relator na C\u00e2mara, deputado Paulinho da For\u00e7a (Solidariedade-SP), a pena de Bolsonaro poderia cair para cerca de dois anos e quatro meses.<\/p>\n\n\n\n<h3 class=\"wp-block-heading\">\u200bControv\u00e9rsia e Repercuss\u00e3o<\/h3>\n\n\n\n<p class=\"wp-block-paragraph\">\u200bO projeto \u00e9 criticado por especialistas e setores da sociedade civil por dois pontos principais:<\/p>\n\n\n\n<ul class=\"wp-block-list\">\n<li>\u200b<strong>Alcance a Crimes Comuns:<\/strong> O texto, ao alterar as regras de progress\u00e3o de pena na LEP e estabelecer que a pena mais grave seria aplicada em casos de concurso formal de crimes, beneficiaria tamb\u00e9m <strong>criminosos comuns<\/strong>. Especialistas apontam que condenados por roubo, por exemplo, poderiam progredir de regime ap\u00f3s cumprir 25% da pena (se prim\u00e1rios), em vez dos 40% atuais.<\/li>\n\n\n\n<li>\u200b<strong>&#8220;Acord\u00e3o&#8221; para Golpistas:<\/strong> A principal oposi\u00e7\u00e3o pol\u00edtica e os movimentos sociais veem o PL como uma tentativa de atenuar a puni\u00e7\u00e3o para os atos antidemocr\u00e1ticos. A repercuss\u00e3o nas redes sociais foi majoritariamente contr\u00e1ria, com movimentos convocando protestos de rua, como o marcado para o pr\u00f3ximo domingo (14) em S\u00e3o Paulo, com o lema \u201cSem anistia para golpistas\u201d.<\/li>\n<\/ul>\n\n\n\n<h3 class=\"wp-block-heading\">\u200bGoverno Lula e Senado Dividido<\/h3>\n\n\n\n<p class=\"wp-block-paragraph\">\u200bDiante da press\u00e3o popular e das redes, o clima no Senado se tornou de desconforto. Mesmo entre os l\u00edderes que inicialmente queriam &#8220;superar o tema o quanto antes&#8221;, a ideia do adiamento ganha for\u00e7a.<\/p>\n\n\n\n<p class=\"wp-block-paragraph\">\u200bO Governo Lula, embora tenha tido parlamentares de sua base que votaram contra o projeto na C\u00e2mara, dever\u00e1 refor\u00e7ar seu posicionamento contr\u00e1rio no Senado e avalia um poss\u00edvel veto, caso o texto seja aprovado pelos senadores. O presidente Luiz In\u00e1cio Lula da Silva afirmou que s\u00f3 se manifestar\u00e1 sobre o veto quando o projeto chegar \u00e0 sua mesa no Poder Executivo.<\/p>\n\n\n\n<p class=\"wp-block-paragraph\">\u200bA oposi\u00e7\u00e3o, por sua vez, celebra a aprova\u00e7\u00e3o na C\u00e2mara, mas parlamentares do PL j\u00e1 demonstraram insatisfa\u00e7\u00e3o, classificando o texto como insuficiente, uma vez que n\u00e3o concede a anistia &#8220;ampla, geral e irrestrita&#8221; que desejavam, mas sim um &#8220;degrau poss\u00edvel&#8221;.<\/p>\n\n\n\n<p class=\"wp-block-paragraph\">\u200bCom a tens\u00e3o em alta e a proximidade do recesso, a press\u00e3o da sociedade civil e o temor de manifesta\u00e7\u00f5es tornaram a vota\u00e7\u00e3o do PL da Dosimetria uma decis\u00e3o de alto risco pol\u00edtico para os senadores. A tend\u00eancia atual \u00e9 de que a an\u00e1lise seja empurrada para o pr\u00f3ximo ano, na esperan\u00e7a de dissipar a pol\u00eamica antes que o Congresso tenha que dar a palavra final.<\/p>\n","protected":false},"excerpt":{"rendered":"<p>A tramita\u00e7\u00e3o do Projeto de Lei (PL) 2.162\/2023, conhecido como PL da Dosimetria, entrou em um cen\u00e1rio de incerteza no Senado Federal, mesmo ap\u00f3s sua [&#8230;]<\/p>\n","protected":false},"author":1,"featured_media":675,"comment_status":"closed","ping_status":"closed","sticky":false,"template":"","format":"standard","meta":{"_crdt_document":"","_jetpack_memberships_contains_paid_content":false,"footnotes":"","jetpack_publicize_message":"","jetpack_publicize_feature_enabled":true,"jetpack_social_post_already_shared":false,"jetpack_social_options":{"image_generator_settings":{"template":"highway","default_image_id":0,"font":"","enabled":false},"version":2}},"categories":[7],"tags":[],"class_list":["post-674","post","type-post","status-publish","format-standard","has-post-thumbnail","hentry","category-politica"],"jetpack_publicize_connections":[],"jetpack_featured_media_url":"https:\/\/i0.wp.com\/oexpressobr.com.br\/wp-content\/uploads\/2025\/12\/54950415481_b9ae867a79_k.jpg?fit=414%2C280&ssl=1","jetpack_likes_enabled":true,"jetpack_sharing_enabled":true,"_links":{"self":[{"href":"https:\/\/oexpressobr.com.br\/index.php?rest_route=\/wp\/v2\/posts\/674","targetHints":{"allow":["GET"]}}],"collection":[{"href":"https:\/\/oexpressobr.com.br\/index.php?rest_route=\/wp\/v2\/posts"}],"about":[{"href":"https:\/\/oexpressobr.com.br\/index.php?rest_route=\/wp\/v2\/types\/post"}],"author":[{"embeddable":true,"href":"https:\/\/oexpressobr.com.br\/index.php?rest_route=\/wp\/v2\/users\/1"}],"replies":[{"embeddable":true,"href":"https:\/\/oexpressobr.com.br\/index.php?rest_route=%2Fwp%2Fv2%2Fcomments&post=674"}],"version-history":[{"count":1,"href":"https:\/\/oexpressobr.com.br\/index.php?rest_route=\/wp\/v2\/posts\/674\/revisions"}],"predecessor-version":[{"id":676,"href":"https:\/\/oexpressobr.com.br\/index.php?rest_route=\/wp\/v2\/posts\/674\/revisions\/676"}],"wp:featuredmedia":[{"embeddable":true,"href":"https:\/\/oexpressobr.com.br\/index.php?rest_route=\/wp\/v2\/media\/675"}],"wp:attachment":[{"href":"https:\/\/oexpressobr.com.br\/index.php?rest_route=%2Fwp%2Fv2%2Fmedia&parent=674"}],"wp:term":[{"taxonomy":"category","embeddable":true,"href":"https:\/\/oexpressobr.com.br\/index.php?rest_route=%2Fwp%2Fv2%2Fcategories&post=674"},{"taxonomy":"post_tag","embeddable":true,"href":"https:\/\/oexpressobr.com.br\/index.php?rest_route=%2Fwp%2Fv2%2Ftags&post=674"}],"curies":[{"name":"wp","href":"https:\/\/api.w.org\/{rel}","templated":true}]}}