{"id":677,"date":"2025-12-13T10:17:40","date_gmt":"2025-12-13T13:17:40","guid":{"rendered":"https:\/\/oexpressobr.com.br\/?p=677"},"modified":"2025-12-13T10:17:42","modified_gmt":"2025-12-13T13:17:42","slug":"camara-aprova-pl-do-piso-salarial-para-nao-docentes-luta-segue-no-senado","status":"publish","type":"post","link":"https:\/\/oexpressobr.com.br\/?p=677","title":{"rendered":"C\u00e2mara Aprova PL do Piso Salarial para N\u00e3o-Docentes; Luta Segue no Senado"},"content":{"rendered":"\n<p class=\"wp-block-paragraph\">Aprovado na <strong>C\u00e2mara dos Deputados<\/strong>, o Projeto de Lei <strong>(PL) 2531\/21<\/strong> avan\u00e7a para o Senado Federal. A proposta, que garante um <strong>piso salarial nacional<\/strong> para todos os profissionais da educa\u00e7\u00e3o que n\u00e3o s\u00e3o docentes, representa uma vit\u00f3ria hist\u00f3rica e o fim de uma espera de dez anos para a categoria.<\/p>\n\n\n\n<p class=\"wp-block-paragraph\">\u200bO projeto estabelece que o piso salarial para esses trabalhadores corresponder\u00e1 a <strong>75% do valor do piso do magist\u00e9rio<\/strong>. Essa porcentagem \u00e9 justamente a reivindica\u00e7\u00e3o hist\u00f3rica de profissionais como agentes de organiza\u00e7\u00e3o escolar, auxiliares t\u00e9cnicos, secret\u00e1rios, merendeiras e equipes de limpeza e transporte escolar.<\/p>\n\n\n\n<h2 class=\"wp-block-heading\">\u200bReconhecimento Ap\u00f3s uma D\u00e9cada de Batalha<\/h2>\n\n\n\n<p class=\"wp-block-paragraph\">\u200bA aprova\u00e7\u00e3o na C\u00e2mara \u00e9 celebrada como um ato de justi\u00e7a e valoriza\u00e7\u00e3o. A luta por essa conquista foi marcada por intenso trabalho de articula\u00e7\u00e3o e di\u00e1logo nas comiss\u00f5es da C\u00e2mara, visando superar as resist\u00eancias e garantir o reconhecimento legal a quem \u00e9 essencial para o funcionamento da escola p\u00fablica.<\/p>\n\n\n\n<blockquote class=\"wp-block-quote is-layout-flow wp-block-quote-is-layout-flow\">\n<p class=\"wp-block-paragraph\">\u200b&#8221;Essa conquista \u00e9 fruto da minha luta e todas as batalhas que travei nas comiss\u00f5es da C\u00e2mara, com di\u00e1logo, articula\u00e7\u00e3o e enfrentamento das resist\u00eancias para garantir justi\u00e7a a quem sempre sustentou a escola p\u00fablica,&#8221; afirmou um dos envolvidos na articula\u00e7\u00e3o.<\/p>\n<\/blockquote>\n\n\n\n<p class=\"wp-block-paragraph\">\u200bA vit\u00f3ria do PL 2531\/21 obteve destaque em ve\u00edculos de comunica\u00e7\u00e3o nacionais, como o <strong>Jornal Extra<\/strong>, ressaltando a relev\u00e2ncia social do avan\u00e7o.<\/p>\n\n\n\n<h2 class=\"wp-block-heading\">\u200bPr\u00f3ximos Passos: Tramita\u00e7\u00e3o no Senado<\/h2>\n\n\n\n<p class=\"wp-block-paragraph\">\u200bCom o envio do projeto ao <strong>Senado Federal<\/strong>, a mobiliza\u00e7\u00e3o da categoria e o acompanhamento das lideran\u00e7as pol\u00edticas seguem em estado de aten\u00e7\u00e3o m\u00e1xima. O objetivo \u00e9 assegurar que o texto seja aprovado sem que nenhum direito conquistado seja retirado ou modificado.<\/p>\n\n\n\n<p class=\"wp-block-paragraph\">\u200bA tramita\u00e7\u00e3o no Senado \u00e9 considerada a fase decisiva, uma vez que o hist\u00f3rico de dez anos de batalha pela aprova\u00e7\u00e3o demonstra a complexidade e a import\u00e2ncia de manter a press\u00e3o pol\u00edtica at\u00e9 a san\u00e7\u00e3o final da lei. A mensagem central \u00e9 clara: quem faz a educa\u00e7\u00e3o acontecer merece <strong>respeito, valoriza\u00e7\u00e3o e justi\u00e7a salarial<\/strong>.<\/p>\n","protected":false},"excerpt":{"rendered":"<p>Aprovado na C\u00e2mara dos Deputados, o Projeto de Lei (PL) 2531\/21 avan\u00e7a para o Senado Federal. A proposta, que garante um piso salarial nacional para [&#8230;]<\/p>\n","protected":false},"author":1,"featured_media":678,"comment_status":"closed","ping_status":"closed","sticky":false,"template":"","format":"standard","meta":{"_crdt_document":"","_jetpack_memberships_contains_paid_content":false,"footnotes":"","jetpack_publicize_message":"","jetpack_publicize_feature_enabled":true,"jetpack_social_post_already_shared":false,"jetpack_social_options":{"image_generator_settings":{"template":"highway","default_image_id":0,"font":"","enabled":false},"version":2}},"categories":[6],"tags":[],"class_list":["post-677","post","type-post","status-publish","format-standard","has-post-thumbnail","hentry","category-educacao"],"jetpack_publicize_connections":[],"jetpack_featured_media_url":"https:\/\/i0.wp.com\/oexpressobr.com.br\/wp-content\/uploads\/2025\/12\/images6.jpg?fit=509%2C603&ssl=1","jetpack_likes_enabled":true,"jetpack_sharing_enabled":true,"_links":{"self":[{"href":"https:\/\/oexpressobr.com.br\/index.php?rest_route=\/wp\/v2\/posts\/677","targetHints":{"allow":["GET"]}}],"collection":[{"href":"https:\/\/oexpressobr.com.br\/index.php?rest_route=\/wp\/v2\/posts"}],"about":[{"href":"https:\/\/oexpressobr.com.br\/index.php?rest_route=\/wp\/v2\/types\/post"}],"author":[{"embeddable":true,"href":"https:\/\/oexpressobr.com.br\/index.php?rest_route=\/wp\/v2\/users\/1"}],"replies":[{"embeddable":true,"href":"https:\/\/oexpressobr.com.br\/index.php?rest_route=%2Fwp%2Fv2%2Fcomments&post=677"}],"version-history":[{"count":1,"href":"https:\/\/oexpressobr.com.br\/index.php?rest_route=\/wp\/v2\/posts\/677\/revisions"}],"predecessor-version":[{"id":679,"href":"https:\/\/oexpressobr.com.br\/index.php?rest_route=\/wp\/v2\/posts\/677\/revisions\/679"}],"wp:featuredmedia":[{"embeddable":true,"href":"https:\/\/oexpressobr.com.br\/index.php?rest_route=\/wp\/v2\/media\/678"}],"wp:attachment":[{"href":"https:\/\/oexpressobr.com.br\/index.php?rest_route=%2Fwp%2Fv2%2Fmedia&parent=677"}],"wp:term":[{"taxonomy":"category","embeddable":true,"href":"https:\/\/oexpressobr.com.br\/index.php?rest_route=%2Fwp%2Fv2%2Fcategories&post=677"},{"taxonomy":"post_tag","embeddable":true,"href":"https:\/\/oexpressobr.com.br\/index.php?rest_route=%2Fwp%2Fv2%2Ftags&post=677"}],"curies":[{"name":"wp","href":"https:\/\/api.w.org\/{rel}","templated":true}]}}