{"id":680,"date":"2025-12-13T10:23:44","date_gmt":"2025-12-13T13:23:44","guid":{"rendered":"https:\/\/oexpressobr.com.br\/?p=680"},"modified":"2025-12-13T10:23:47","modified_gmt":"2025-12-13T13:23:47","slug":"justica-aperta-enel-com-multa-pesada-apos-novo-apagao-em-sao-paulo-copel-sob-fogo-cruzado-no-parana","status":"publish","type":"post","link":"https:\/\/oexpressobr.com.br\/?p=680","title":{"rendered":"Justi\u00e7a aperta Enel com multa pesada ap\u00f3s novo apag\u00e3o em S\u00e3o Paulo; Copel sob fogo cruzado no Paran\u00e1"},"content":{"rendered":"\n<p class=\"wp-block-paragraph\">A concession\u00e1ria Enel Distribui\u00e7\u00e3o S\u00e3o Paulo enfrenta um duro rev\u00e9s judicial ap\u00f3s o mais recente apag\u00e3o que deixou mais de 500 mil im\u00f3veis sem energia na capital e regi\u00e3o metropolitana, mesmo tr\u00eas dias ap\u00f3s a passagem de um ciclone extratropical. A ju\u00edza Gisele Valle Monteiro da Rocha, da 31\u00aa Vara C\u00edvel, emitiu uma decis\u00e3o na sexta-feira, dia 12 de dezembro, a pedido do Minist\u00e9rio P\u00fablico Estadual, determinando que a empresa restabele\u00e7a o fornecimento de luz para todos os seus clientes em um prazo m\u00e1ximo de 12 horas.<\/p>\n\n\n\n<p class=\"wp-block-paragraph\">\u200bA medida judicial imp\u00f5e uma <strong>multa pesada de R$ 200 mil por hora<\/strong> em caso de descumprimento, al\u00e9m de exigir o religamento imediato \u2013 ou em at\u00e9 quatro horas quando houver impedimento t\u00e9cnico \u2013 para servi\u00e7os essenciais e grupos vulner\u00e1veis, como hospitais, unidades de sa\u00fade, eletrodependentes cadastrados, delegacias, pres\u00eddios, creches, escolas e sistemas de abastecimento de \u00e1gua. A magistrada advertiu a Enel que a omiss\u00e3o de informa\u00e7\u00f5es e o n\u00e3o cumprimento da ordem podem resultar em medidas mais graves, incluindo o bloqueio de valores, interven\u00e7\u00e3o judicial e apura\u00e7\u00e3o de responsabilidades civil e criminal.<\/p>\n\n\n\n<p class=\"wp-block-paragraph\">\u200bO novo apag\u00e3o, que atingiu cerca de 2,2 milh\u00f5es de im\u00f3veis e causou um preju\u00edzo estimado em <strong>R$ 1,54 bilh\u00e3o<\/strong> para o setor produtivo de S\u00e3o Paulo, segundo a FecomercioSP, reacendeu o debate sobre a fragilidade da rede el\u00e9trica e a qualidade dos servi\u00e7os prestados pela concession\u00e1ria. A Ag\u00eancia Nacional de Energia El\u00e9trica (Aneel) tamb\u00e9m cobrou a Enel, destacando que a Defesa Civil havia alertado com anteced\u00eancia sobre o ciclone extratropical e questionando o plano de conting\u00eancia da empresa, chegando a alertar para o risco de <strong>perda da concess\u00e3o<\/strong> devido \u00e0 &#8220;constante recorr\u00eancia e gravidade&#8221; dos problemas.<\/p>\n\n\n\n<p class=\"wp-block-paragraph\">\u200bEm nota, a Enel afirmou que ainda n\u00e3o havia sido intimada da decis\u00e3o, mas que atua ininterruptamente para recompor o fornecimento, alegando cumprir o contrato de concess\u00e3o e refor\u00e7ar seu plano operacional com contrata\u00e7\u00e3o de equipes e manuten\u00e7\u00e3o preventiva.<\/p>\n\n\n\n<h3 class=\"wp-block-heading\">\u200bParan\u00e1 tamb\u00e9m em alerta com a Copel<\/h3>\n\n\n\n<p class=\"wp-block-paragraph\">\u200bNo Paran\u00e1, a situa\u00e7\u00e3o da distribui\u00e7\u00e3o de energia tamb\u00e9m gerou preocupa\u00e7\u00e3o. Embora com foco distinto, a Copel, empresa que passou por um processo de privatiza\u00e7\u00e3o em 2023, foi citada em um contexto anterior por um inc\u00eandio em uma de suas subesta\u00e7\u00f5es, o que causou um apag\u00e3o que chegou a afetar o sistema interligado nacional e deixou dezenas de milhares de im\u00f3veis paranaenses sem energia.<\/p>\n\n\n\n<p class=\"wp-block-paragraph\">\u200bMais recentemente, deputados estaduais e o Procon-SP cobraram explica\u00e7\u00f5es da Copel sobre quedas no fornecimento, em meio a fortes ventanias e eventos clim\u00e1ticos adversos. O Operador Nacional do Sistema (ONS) chegou a ser acionado para investigar as causas das falhas. Enquanto a Copel anunciava recentemente a distribui\u00e7\u00e3o de R$ 1,35 bilh\u00e3o em dividendos aos acionistas, as cobran\u00e7as por investimentos em melhorias e na infraestrutura de distribui\u00e7\u00e3o se intensificam, ecoando a insatisfa\u00e7\u00e3o vista em S\u00e3o Paulo e pondo a privatiza\u00e7\u00e3o sob questionamento.<\/p>\n\n\n\n<p class=\"wp-block-paragraph\">\u200bOs epis\u00f3dios recorrentes de blecaute e a resposta lenta das concession\u00e1rias em momentos de crise clim\u00e1tica t\u00eam levado autoridades e \u00f3rg\u00e3os de defesa do consumidor a aumentar a press\u00e3o por fiscaliza\u00e7\u00e3o e penalidades mais rigorosas, reacendendo o debate sobre o modelo de privatiza\u00e7\u00e3o e a necessidade de um servi\u00e7o p\u00fablico essencial e de qualidade.<\/p>\n","protected":false},"excerpt":{"rendered":"<p>A concession\u00e1ria Enel Distribui\u00e7\u00e3o S\u00e3o Paulo enfrenta um duro rev\u00e9s judicial ap\u00f3s o mais recente apag\u00e3o que deixou mais de 500 mil im\u00f3veis sem energia [&#8230;]<\/p>\n","protected":false},"author":1,"featured_media":681,"comment_status":"closed","ping_status":"closed","sticky":false,"template":"","format":"standard","meta":{"_crdt_document":"","_jetpack_memberships_contains_paid_content":false,"footnotes":"","jetpack_publicize_message":"","jetpack_publicize_feature_enabled":true,"jetpack_social_post_already_shared":false,"jetpack_social_options":{"image_generator_settings":{"template":"highway","default_image_id":0,"font":"","enabled":false},"version":2}},"categories":[5],"tags":[],"class_list":["post-680","post","type-post","status-publish","format-standard","has-post-thumbnail","hentry","category-parana"],"jetpack_publicize_connections":[],"jetpack_featured_media_url":"https:\/\/i0.wp.com\/oexpressobr.com.br\/wp-content\/uploads\/2025\/12\/apagao-queda-energia.jpg?fit=1200%2C675&ssl=1","jetpack_likes_enabled":true,"jetpack_sharing_enabled":true,"_links":{"self":[{"href":"https:\/\/oexpressobr.com.br\/index.php?rest_route=\/wp\/v2\/posts\/680","targetHints":{"allow":["GET"]}}],"collection":[{"href":"https:\/\/oexpressobr.com.br\/index.php?rest_route=\/wp\/v2\/posts"}],"about":[{"href":"https:\/\/oexpressobr.com.br\/index.php?rest_route=\/wp\/v2\/types\/post"}],"author":[{"embeddable":true,"href":"https:\/\/oexpressobr.com.br\/index.php?rest_route=\/wp\/v2\/users\/1"}],"replies":[{"embeddable":true,"href":"https:\/\/oexpressobr.com.br\/index.php?rest_route=%2Fwp%2Fv2%2Fcomments&post=680"}],"version-history":[{"count":1,"href":"https:\/\/oexpressobr.com.br\/index.php?rest_route=\/wp\/v2\/posts\/680\/revisions"}],"predecessor-version":[{"id":682,"href":"https:\/\/oexpressobr.com.br\/index.php?rest_route=\/wp\/v2\/posts\/680\/revisions\/682"}],"wp:featuredmedia":[{"embeddable":true,"href":"https:\/\/oexpressobr.com.br\/index.php?rest_route=\/wp\/v2\/media\/681"}],"wp:attachment":[{"href":"https:\/\/oexpressobr.com.br\/index.php?rest_route=%2Fwp%2Fv2%2Fmedia&parent=680"}],"wp:term":[{"taxonomy":"category","embeddable":true,"href":"https:\/\/oexpressobr.com.br\/index.php?rest_route=%2Fwp%2Fv2%2Fcategories&post=680"},{"taxonomy":"post_tag","embeddable":true,"href":"https:\/\/oexpressobr.com.br\/index.php?rest_route=%2Fwp%2Fv2%2Ftags&post=680"}],"curies":[{"name":"wp","href":"https:\/\/api.w.org\/{rel}","templated":true}]}}