{"id":683,"date":"2025-12-13T10:31:43","date_gmt":"2025-12-13T13:31:43","guid":{"rendered":"https:\/\/oexpressobr.com.br\/?p=683"},"modified":"2025-12-13T10:31:47","modified_gmt":"2025-12-13T13:31:47","slug":"corrida-do-porto-e-asilo-sao-vicente-de-paulo-solidariedade-encerra-espera-de-15-anos-por-reforma","status":"publish","type":"post","link":"https:\/\/oexpressobr.com.br\/?p=683","title":{"rendered":"Corrida do Porto e Asilo S\u00e3o Vicente de Paulo: Solidariedade Encerra Espera de 15 Anos por Reforma"},"content":{"rendered":"\n<p class=\"wp-block-paragraph\">A solidariedade da comunidade e dos atletas da Corrida do Porto de 2025 resultou na entrega de uma <strong>reforma completa e hist\u00f3rica<\/strong> no Asilo S\u00e3o Vicente de Paulo, em Paranagu\u00e1, que beneficia diretamente 41 idosos. A obra, aguardada por cerca de 15 anos, foi financiada integralmente com os R$ 210 mil arrecadados com as inscri\u00e7\u00f5es do evento esportivo promovido pela Portos do Paran\u00e1.<\/p>\n\n\n\n<p class=\"wp-block-paragraph\">\u200bA conclus\u00e3o das melhorias foi celebrada em uma cerim\u00f4nia no lar de idosos nesta sexta-feira (12), marcando um retorno concreto do engajamento da comunidade em a\u00e7\u00f5es sociais.<\/p>\n\n\n\n<h3 class=\"wp-block-heading\">\u200bObras Garantem Mais Conforto e Dignidade<\/h3>\n\n\n\n<p class=\"wp-block-paragraph\">\u200bO valor arrecadado possibilitou a <strong>troca completa dos telhados e calhas<\/strong> da institui\u00e7\u00e3o, fundada em 1959. Al\u00e9m disso, foram instalados aparatos para impedir o acesso de pombos ao forro e diversos equipamentos foram substitu\u00eddos, visando garantir mais conforto, seguran\u00e7a e qualidade de vida aos acolhidos.<\/p>\n\n\n\n<p class=\"wp-block-paragraph\">\u200bO Asilo S\u00e3o Vicente de Paulo atende idosos acima de 60 anos em situa\u00e7\u00e3o de risco ou vulnerabilidade social. A institui\u00e7\u00e3o oferece seis refei\u00e7\u00f5es di\u00e1rias e conta com uma equipe multidisciplinar, incluindo fisioterapeutas, enfermeiro, psic\u00f3logo, nutricionista e assistente social, essencial para a qualidade de vida dos moradores.<\/p>\n\n\n\n<h3 class=\"wp-block-heading\">\u200bRetorno Concreto para a Comunidade<\/h3>\n\n\n\n<p class=\"wp-block-paragraph\">\u200bO diretor-presidente da Portos do Paran\u00e1, <strong>Luiz Fernando Garcia<\/strong>, ressaltou o significado do investimento social. &#8220;\u00c9 um retorno concreto para a comunidade por meio das inscri\u00e7\u00f5es da Corrida do Porto. A comunidade participa, colabora, pratica atividade f\u00edsica e, ao mesmo tempo, ajuda em a\u00e7\u00f5es sociais aqui no munic\u00edpio,&#8221; afirmou.<\/p>\n\n\n\n<p class=\"wp-block-paragraph\">\u200b<strong>Arthur Trauczynski<\/strong>, co-CEO da Global Vita, empresa respons\u00e1vel pela organiza\u00e7\u00e3o da edi\u00e7\u00e3o especial de 90 anos da Corrida do Porto, destacou a import\u00e2ncia social do evento. &#8220;Anualmente, n\u00f3s temos alguma causa com a qual podemos contribuir. E hoje podemos ver mais uma a\u00e7\u00e3o concretizada aqui no Asilo S\u00e3o Vicente, o que nos faz muito felizes, tornando o projeto ainda mais gratificante,&#8221; disse.<\/p>\n\n\n\n<p class=\"wp-block-paragraph\">\u200bA vice-prefeita de Paranagu\u00e1, <strong>Fabiana Parro<\/strong>, tamb\u00e9m celebrou o resultado, enfatizando a conscientiza\u00e7\u00e3o da popula\u00e7\u00e3o: &#8220;A popula\u00e7\u00e3o entendeu o significado da Corrida do Porto, que vai muito al\u00e9m de um exerc\u00edcio f\u00edsico. Quem corre, muitas vezes, faz quest\u00e3o de pagar a inscri\u00e7\u00e3o porque sabe que o valor ser\u00e1 bem empregado.&#8221;<\/p>\n\n\n\n<p class=\"wp-block-paragraph\">\u200bA entrega das obras no Asilo S\u00e3o Vicente de Paulo refor\u00e7a o impacto positivo que a uni\u00e3o entre iniciativa privada, setor p\u00fablico e comunidade pode gerar para as institui\u00e7\u00f5es sociais e para a vida dos mais vulner\u00e1veis na regi\u00e3o.<\/p>\n","protected":false},"excerpt":{"rendered":"<p>A solidariedade da comunidade e dos atletas da Corrida do Porto de 2025 resultou na entrega de uma reforma completa e hist\u00f3rica no Asilo S\u00e3o [&#8230;]<\/p>\n","protected":false},"author":1,"featured_media":684,"comment_status":"closed","ping_status":"closed","sticky":false,"template":"","format":"standard","meta":{"_crdt_document":"","_jetpack_memberships_contains_paid_content":false,"footnotes":"","jetpack_publicize_message":"","jetpack_publicize_feature_enabled":true,"jetpack_social_post_already_shared":false,"jetpack_social_options":{"image_generator_settings":{"template":"highway","default_image_id":0,"font":"","enabled":false},"version":2}},"categories":[5],"tags":[],"class_list":["post-683","post","type-post","status-publish","format-standard","has-post-thumbnail","hentry","category-parana"],"jetpack_publicize_connections":[],"jetpack_featured_media_url":"https:\/\/i0.wp.com\/oexpressobr.com.br\/wp-content\/uploads\/2025\/12\/Asilo-Sao-Vicente.webp?fit=1200%2C800&ssl=1","jetpack_likes_enabled":true,"jetpack_sharing_enabled":true,"_links":{"self":[{"href":"https:\/\/oexpressobr.com.br\/index.php?rest_route=\/wp\/v2\/posts\/683","targetHints":{"allow":["GET"]}}],"collection":[{"href":"https:\/\/oexpressobr.com.br\/index.php?rest_route=\/wp\/v2\/posts"}],"about":[{"href":"https:\/\/oexpressobr.com.br\/index.php?rest_route=\/wp\/v2\/types\/post"}],"author":[{"embeddable":true,"href":"https:\/\/oexpressobr.com.br\/index.php?rest_route=\/wp\/v2\/users\/1"}],"replies":[{"embeddable":true,"href":"https:\/\/oexpressobr.com.br\/index.php?rest_route=%2Fwp%2Fv2%2Fcomments&post=683"}],"version-history":[{"count":1,"href":"https:\/\/oexpressobr.com.br\/index.php?rest_route=\/wp\/v2\/posts\/683\/revisions"}],"predecessor-version":[{"id":685,"href":"https:\/\/oexpressobr.com.br\/index.php?rest_route=\/wp\/v2\/posts\/683\/revisions\/685"}],"wp:featuredmedia":[{"embeddable":true,"href":"https:\/\/oexpressobr.com.br\/index.php?rest_route=\/wp\/v2\/media\/684"}],"wp:attachment":[{"href":"https:\/\/oexpressobr.com.br\/index.php?rest_route=%2Fwp%2Fv2%2Fmedia&parent=683"}],"wp:term":[{"taxonomy":"category","embeddable":true,"href":"https:\/\/oexpressobr.com.br\/index.php?rest_route=%2Fwp%2Fv2%2Fcategories&post=683"},{"taxonomy":"post_tag","embeddable":true,"href":"https:\/\/oexpressobr.com.br\/index.php?rest_route=%2Fwp%2Fv2%2Ftags&post=683"}],"curies":[{"name":"wp","href":"https:\/\/api.w.org\/{rel}","templated":true}]}}