{"id":687,"date":"2025-12-15T06:56:18","date_gmt":"2025-12-15T09:56:18","guid":{"rendered":"https:\/\/oexpressobr.com.br\/?p=687"},"modified":"2025-12-15T06:56:19","modified_gmt":"2025-12-15T09:56:19","slug":"revista-vanguarda-lanca-campanha-troca-tudo-e-agita-o-debate-sobre-a-renovacao-politica-para-2026","status":"publish","type":"post","link":"https:\/\/oexpressobr.com.br\/?p=687","title":{"rendered":"Revista Vanguarda Lan\u00e7a Campanha &#8220;Troca Tudo&#8221; e Agita o Debate Sobre a Renova\u00e7\u00e3o Pol\u00edtica Para 2026"},"content":{"rendered":"\n<p class=\"wp-block-paragraph\">Em um movimento audacioso que mira as Elei\u00e7\u00f5es de 2026, a Revista Vanguarda lan\u00e7ou nesta quinta-feira a campanha &#8220;Em 2026 N\u00e3o Reeleja Ningu\u00e9m&#8221;, com o slogan direto e incisivo: <strong>&#8220;Em 2026 Troca Tudo&#8221;<\/strong>. A iniciativa prop\u00f5e uma renova\u00e7\u00e3o completa no cen\u00e1rio pol\u00edtico brasileiro, abrangendo todos os n\u00edveis de representa\u00e7\u00e3o: deputados estaduais e federais, senadores, governadores e, principalmente, o Presidente da Rep\u00fablica.<\/p>\n\n\n\n<p class=\"wp-block-paragraph\">\u200bA proposta da revista, que est\u00e1 sendo veiculada em suas plataformas digitais, \u00e9 um convite expl\u00edcito \u00e0 insatisfa\u00e7\u00e3o e ao desejo de mudan\u00e7a do eleitorado, instigando uma &#8220;troca geral&#8221; nos mandatos.<\/p>\n\n\n\n<blockquote class=\"wp-block-quote is-layout-flow wp-block-quote-is-layout-flow\">\n<p class=\"wp-block-paragraph\">\u200b&#8221;Nem deputado estadual, nem federal, nem senador, nem governador e muito menos presidente da rep\u00fablica. A campanha da revista Vanguarda ser\u00e1, a partir de hoje, &#8216;EM 2026 TROCA TUDO&#8217;. Gostou da id\u00e9ia? Voc\u00ea pode participar dessa campanha,&#8221; diz o texto de lan\u00e7amento da iniciativa, que orienta o p\u00fablico a compartilhar a ideia e a levantar o tema em suas redes sociais.<\/p>\n<\/blockquote>\n\n\n\n<h3 class=\"wp-block-heading\">\u200b\ud83c\udde7\ud83c\uddf7 O Desejo por Renova\u00e7\u00e3o em um Contexto de Polariza\u00e7\u00e3o<\/h3>\n\n\n\n<p class=\"wp-block-paragraph\">\u200bA campanha da Vanguarda ecoa um sentimento crescente na sociedade brasileira que, historicamente, manifesta descontentamento com a classe pol\u00edtica e busca alternativas fora do <em>establishment<\/em>. O apelo por uma &#8220;troca&#8221; integral entra em sintonia com o debate sobre a renova\u00e7\u00e3o pol\u00edtica, que \u00e9 um tema constante no ciclo eleitoral.<\/p>\n\n\n\n<p class=\"wp-block-paragraph\">\u200bAs \u00faltimas novidades pol\u00edticas j\u00e1 indicam que a pauta da renova\u00e7\u00e3o estar\u00e1 no centro das Elei\u00e7\u00f5es de 2026, embora os principais l\u00edderes pol\u00edticos do pa\u00eds demonstrem inten\u00e7\u00e3o de manter seus espa\u00e7os:<\/p>\n\n\n\n<ul class=\"wp-block-list\">\n<li>\u200b<strong>Cen\u00e1rio Presidencial:<\/strong> O atual presidente, Luiz In\u00e1cio Lula da Silva, j\u00e1 sinalizou em diversas ocasi\u00f5es que pode buscar a reelei\u00e7\u00e3o em 2026, caso as condi\u00e7\u00f5es de sa\u00fade o permitam. Essa postura coloca em xeque a promessa de um mandato \u00fanico feita no passado e refor\u00e7a a tend\u00eancia de continuidade. Por outro lado, o campo da direita e da centro-direita segue fragmentado, com nomes como Tarc\u00edsio de Freitas e Ratinho Jr. sendo cotados, mas dependentes da articula\u00e7\u00e3o e apoio de figuras-chave como Jair Bolsonaro, que segue com seu futuro pol\u00edtico em debate.<\/li>\n\n\n\n<li>\u200b<strong>A Pauta no Congresso:<\/strong> O debate sobre a manuten\u00e7\u00e3o ou o fim da reelei\u00e7\u00e3o, por exemplo, \u00e9 recorrente no Congresso Nacional. A proposta de acabar com a reelei\u00e7\u00e3o para presidente, governador e prefeito tem sido pautada no Senado, refletindo que a busca por renova\u00e7\u00e3o n\u00e3o \u00e9 exclusiva das ruas.<\/li>\n\n\n\n<li>\u200b<strong>O Eleitor e o Desgaste:<\/strong> Pesquisas de opini\u00e3o recentes mostram que a rejei\u00e7\u00e3o a figuras pol\u00edticas de longa data, incluindo a de Lula, segue alta, e uma parcela significativa do eleitorado prefere que o pr\u00f3ximo presidente seja algu\u00e9m mais alinhado com o centro ou focado apenas na capacidade de governar, sinalizando um cansa\u00e7o da polariza\u00e7\u00e3o e um desejo impl\u00edcito por nomes novos ou abordagens diferentes.<\/li>\n<\/ul>\n\n\n\n<h3 class=\"wp-block-heading\">\u200b\ud83d\udce2 Como a Campanha Prop\u00f5e Mudar o Jogo<\/h3>\n\n\n\n<p class=\"wp-block-paragraph\">\u200bA Vanguarda n\u00e3o apenas lan\u00e7a a ideia, mas prop\u00f5e um plano de a\u00e7\u00e3o descentralizado para seus leitores, pedindo engajamento direto e pessoal:<\/p>\n\n\n\n<ul class=\"wp-block-list\">\n<li>\u200b<strong>Compartilhamento e Divulga\u00e7\u00e3o:<\/strong> O primeiro passo \u00e9 tornar a ideia viral, compartilhando o link e levantando o tema nas redes sociais e grupos.<\/li>\n\n\n\n<li>\u200b<strong>Mudan\u00e7a de Atitude:<\/strong> A revista sugere uma mudan\u00e7a de atitude mais ampla, encorajando a &#8220;mudar tamb\u00e9m de amigos, de locais onde frequenta, de locais onde voc\u00ea gasta o seu dinheiro,&#8221; visando isolar aqueles que resistem \u00e0 ideia de mudan\u00e7a.<\/li>\n\n\n\n<li>\u200b<strong>Parceria com a Revista:<\/strong> Por fim, a revista convoca os leitores a se tornarem parceiros diretos na campanha, unindo for\u00e7as para promover a &#8220;Troca Tudo&#8221;.<\/li>\n<\/ul>\n\n\n\n<p class=\"wp-block-paragraph\">\u200bA campanha &#8220;Em 2026 Troca Tudo&#8221; se insere, portanto, em um ambiente pol\u00edtico e social onde o desejo por alternativas \u00e9 latente. Resta saber se o movimento ganhar\u00e1 a tra\u00e7\u00e3o necess\u00e1ria para impactar o tabuleiro eleitoral e se traduzir\u00e1 em votos contra a continuidade em 2026.<\/p>\n","protected":false},"excerpt":{"rendered":"<p>Em um movimento audacioso que mira as Elei\u00e7\u00f5es de 2026, a Revista Vanguarda lan\u00e7ou nesta quinta-feira a campanha &#8220;Em 2026 N\u00e3o Reeleja Ningu\u00e9m&#8221;, com o [&#8230;]<\/p>\n","protected":false},"author":1,"featured_media":688,"comment_status":"closed","ping_status":"closed","sticky":false,"template":"","format":"standard","meta":{"_crdt_document":"","_jetpack_memberships_contains_paid_content":false,"footnotes":"","jetpack_publicize_message":"","jetpack_publicize_feature_enabled":true,"jetpack_social_post_already_shared":false,"jetpack_social_options":{"image_generator_settings":{"template":"highway","default_image_id":0,"font":"","enabled":false},"version":2}},"categories":[3],"tags":[],"class_list":["post-687","post","type-post","status-publish","format-standard","has-post-thumbnail","hentry","category-brasil"],"jetpack_publicize_connections":[],"jetpack_featured_media_url":"https:\/\/i0.wp.com\/oexpressobr.com.br\/wp-content\/uploads\/2025\/12\/Nao-reeleja-ninguem.jpg?fit=660%2C700&ssl=1","jetpack_likes_enabled":true,"jetpack_sharing_enabled":true,"_links":{"self":[{"href":"https:\/\/oexpressobr.com.br\/index.php?rest_route=\/wp\/v2\/posts\/687","targetHints":{"allow":["GET"]}}],"collection":[{"href":"https:\/\/oexpressobr.com.br\/index.php?rest_route=\/wp\/v2\/posts"}],"about":[{"href":"https:\/\/oexpressobr.com.br\/index.php?rest_route=\/wp\/v2\/types\/post"}],"author":[{"embeddable":true,"href":"https:\/\/oexpressobr.com.br\/index.php?rest_route=\/wp\/v2\/users\/1"}],"replies":[{"embeddable":true,"href":"https:\/\/oexpressobr.com.br\/index.php?rest_route=%2Fwp%2Fv2%2Fcomments&post=687"}],"version-history":[{"count":1,"href":"https:\/\/oexpressobr.com.br\/index.php?rest_route=\/wp\/v2\/posts\/687\/revisions"}],"predecessor-version":[{"id":689,"href":"https:\/\/oexpressobr.com.br\/index.php?rest_route=\/wp\/v2\/posts\/687\/revisions\/689"}],"wp:featuredmedia":[{"embeddable":true,"href":"https:\/\/oexpressobr.com.br\/index.php?rest_route=\/wp\/v2\/media\/688"}],"wp:attachment":[{"href":"https:\/\/oexpressobr.com.br\/index.php?rest_route=%2Fwp%2Fv2%2Fmedia&parent=687"}],"wp:term":[{"taxonomy":"category","embeddable":true,"href":"https:\/\/oexpressobr.com.br\/index.php?rest_route=%2Fwp%2Fv2%2Fcategories&post=687"},{"taxonomy":"post_tag","embeddable":true,"href":"https:\/\/oexpressobr.com.br\/index.php?rest_route=%2Fwp%2Fv2%2Ftags&post=687"}],"curies":[{"name":"wp","href":"https:\/\/api.w.org\/{rel}","templated":true}]}}