{"id":690,"date":"2025-12-15T07:04:34","date_gmt":"2025-12-15T10:04:34","guid":{"rendered":"https:\/\/oexpressobr.com.br\/?p=690"},"modified":"2025-12-15T07:04:35","modified_gmt":"2025-12-15T10:04:35","slug":"disputas-internas-e-a-dor-da-fusao-ronaldo-caiado-lida-com-divisoes-no-uniao-brasil-enquanto-se-projeta-para-2026","status":"publish","type":"post","link":"https:\/\/oexpressobr.com.br\/?p=690","title":{"rendered":"Disputas internas e a dor da fus\u00e3o: Ronaldo Caiado lida com divis\u00f5es no Uni\u00e3o Brasil enquanto se projeta para 2026"},"content":{"rendered":"\n<p class=\"wp-block-paragraph\">O governador de Goi\u00e1s, Ronaldo Caiado (Uni\u00e3o Brasil), tem sido uma das figuras mais polarizadoras e ativas da direita brasileira na corrida pela Presid\u00eancia em 2026. No entanto, mesmo com \u00edndices de aprova\u00e7\u00e3o recordes em seu estado, o pr\u00e9-candidato carrega um peso pol\u00edtico que, segundo ele, ainda n\u00e3o foi totalmente superado: as cicatrizes da forma\u00e7\u00e3o de seu pr\u00f3prio partido.<\/p>\n\n\n\n<p class=\"wp-block-paragraph\">\u200bA frase &#8220;n\u00e3o superou, at\u00e9 hoje,&#8221; ecoa no centro do Uni\u00e3o Brasil, legenda fruto da fus\u00e3o entre DEM e PSL em 2022. Recentemente, Caiado levantou a voz contra a proposta de federa\u00e7\u00e3o da sigla com o PP, alertando que a manobra seria um &#8220;tiro no p\u00e9&#8221; e citando explicitamente as dificuldades internas n\u00e3o resolvidas. &#8220;At\u00e9 hoje n\u00e3o conseguimos superar alguns rachas regionais fruto da fus\u00e3o do DEM com o PSL, que ocorreu em 2022. Acho que essa discuss\u00e3o com o PP n\u00e3o deve ser feita por agora&#8221;, declarou o governador.<\/p>\n\n\n\n<p class=\"wp-block-paragraph\">\u200bA resist\u00eancia de Caiado \u00e9 um sinal claro de que as diverg\u00eancias e o esfor\u00e7o para unificar as bases regionais do partido continuam a ser um obst\u00e1culo significativo em sua jornada rumo ao Pal\u00e1cio do Planalto. O cen\u00e1rio se complica com o an\u00fancio de outros nomes de peso na disputa da direita, como a recente movimenta\u00e7\u00e3o de Fl\u00e1vio Bolsonaro, que refor\u00e7a a estrat\u00e9gia do cl\u00e3 de manter o controle do capital eleitoral da base bolsonarista. Diante disso, Caiado tem reafirmado sua pr\u00e9-candidatura, posicionando-se como uma alternativa mais est\u00e1vel e com &#8220;m\u00e3o firme contra a bandidagem,&#8221; aproveitando sua alta popularidade em Goi\u00e1s para atrair eleitores que buscam um nome de direita fora das amarras do bolsonarismo puro.<\/p>\n\n\n\n<p class=\"wp-block-paragraph\">\u200b<strong>\u00daltimas Novidades:<\/strong><\/p>\n\n\n\n<p class=\"wp-block-paragraph\">\u200bAl\u00e9m das tens\u00f5es partid\u00e1rias, a sa\u00fade de Caiado tamb\u00e9m esteve no foco noticioso recente. O governador precisou ser internado e passar por um procedimento card\u00edaco em S\u00e3o Paulo em novembro de 2025, ap\u00f3s apresentar um quadro de arritmia card\u00edaca. No entanto, sua r\u00e1pida recupera\u00e7\u00e3o e o retorno imediato \u00e0 agenda pol\u00edtica demonstram a urg\u00eancia de sua pr\u00e9-campanha e a determina\u00e7\u00e3o em manter o ritmo, especialmente em um momento de articula\u00e7\u00f5es intensas.<\/p>\n\n\n\n<p class=\"wp-block-paragraph\">\u200bOutro ponto crucial na agenda do governador \u00e9 sua situa\u00e7\u00e3o legal. Ap\u00f3s ser condenado \u00e0 inelegibilidade em primeira inst\u00e2ncia, o Tribunal Regional Eleitoral de Goi\u00e1s (TRE-GO) afastou a decis\u00e3o em abril de 2025, embora a aplica\u00e7\u00e3o de multa tenha sido mantida. A decis\u00e3o \u00e9 fundamental para a viabilidade de sua candidatura presidencial em 2026, embora ainda caiba recurso ao Tribunal Superior Eleitoral (TSE).<\/p>\n\n\n\n<p class=\"wp-block-paragraph\">\u200bApesar dos desafios internos no Uni\u00e3o Brasil, dos percal\u00e7os na sa\u00fade e das batalhas jur\u00eddicas, Ronaldo Caiado segue firme em seu plano. Com uma aprova\u00e7\u00e3o que beira os 86% em Goi\u00e1s, o governador se projeta nacionalmente, criticando veementemente o governo federal, a quem acusa de &#8220;falta de comando&#8221; e de ter um &#8220;presidencialismo destru\u00eddo.&#8221; Suas manobras pol\u00edticas atuais mostram que, se o passado ainda o assombra com as cis\u00f5es partid\u00e1rias, o futuro \u00e9 o seu foco principal.<\/p>\n","protected":false},"excerpt":{"rendered":"<p>O governador de Goi\u00e1s, Ronaldo Caiado (Uni\u00e3o Brasil), tem sido uma das figuras mais polarizadoras e ativas da direita brasileira na corrida pela Presid\u00eancia em [&#8230;]<\/p>\n","protected":false},"author":1,"featured_media":691,"comment_status":"closed","ping_status":"closed","sticky":false,"template":"","format":"standard","meta":{"_crdt_document":"","_jetpack_memberships_contains_paid_content":false,"footnotes":"","jetpack_publicize_message":"","jetpack_publicize_feature_enabled":true,"jetpack_social_post_already_shared":false,"jetpack_social_options":{"image_generator_settings":{"template":"highway","default_image_id":0,"font":"","enabled":false},"version":2}},"categories":[7],"tags":[],"class_list":["post-690","post","type-post","status-publish","format-standard","has-post-thumbnail","hentry","category-politica"],"jetpack_publicize_connections":[],"jetpack_featured_media_url":"https:\/\/i0.wp.com\/oexpressobr.com.br\/wp-content\/uploads\/2025\/12\/images7.jpg?fit=409%2C488&ssl=1","jetpack_likes_enabled":true,"jetpack_sharing_enabled":true,"_links":{"self":[{"href":"https:\/\/oexpressobr.com.br\/index.php?rest_route=\/wp\/v2\/posts\/690","targetHints":{"allow":["GET"]}}],"collection":[{"href":"https:\/\/oexpressobr.com.br\/index.php?rest_route=\/wp\/v2\/posts"}],"about":[{"href":"https:\/\/oexpressobr.com.br\/index.php?rest_route=\/wp\/v2\/types\/post"}],"author":[{"embeddable":true,"href":"https:\/\/oexpressobr.com.br\/index.php?rest_route=\/wp\/v2\/users\/1"}],"replies":[{"embeddable":true,"href":"https:\/\/oexpressobr.com.br\/index.php?rest_route=%2Fwp%2Fv2%2Fcomments&post=690"}],"version-history":[{"count":1,"href":"https:\/\/oexpressobr.com.br\/index.php?rest_route=\/wp\/v2\/posts\/690\/revisions"}],"predecessor-version":[{"id":692,"href":"https:\/\/oexpressobr.com.br\/index.php?rest_route=\/wp\/v2\/posts\/690\/revisions\/692"}],"wp:featuredmedia":[{"embeddable":true,"href":"https:\/\/oexpressobr.com.br\/index.php?rest_route=\/wp\/v2\/media\/691"}],"wp:attachment":[{"href":"https:\/\/oexpressobr.com.br\/index.php?rest_route=%2Fwp%2Fv2%2Fmedia&parent=690"}],"wp:term":[{"taxonomy":"category","embeddable":true,"href":"https:\/\/oexpressobr.com.br\/index.php?rest_route=%2Fwp%2Fv2%2Fcategories&post=690"},{"taxonomy":"post_tag","embeddable":true,"href":"https:\/\/oexpressobr.com.br\/index.php?rest_route=%2Fwp%2Fv2%2Ftags&post=690"}],"curies":[{"name":"wp","href":"https:\/\/api.w.org\/{rel}","templated":true}]}}