{"id":693,"date":"2025-12-15T07:17:33","date_gmt":"2025-12-15T10:17:33","guid":{"rendered":"https:\/\/oexpressobr.com.br\/?p=693"},"modified":"2025-12-15T07:28:16","modified_gmt":"2025-12-15T10:28:16","slug":"professores-do-parana-se-mobilizam-para-cadastrar-eleitores-de-requiao-filho","status":"publish","type":"post","link":"https:\/\/oexpressobr.com.br\/?p=693","title":{"rendered":"Professores Do Paran\u00e1 Se Mobilizam Para Cadastrar Eleitores De Requi\u00e3o Filho"},"content":{"rendered":"\n<p class=\"wp-block-paragraph\">\u200b<strong>Movimento de base ganha for\u00e7a em apoio \u00e0 pr\u00e9-candidatura do deputado estadual; panorama pol\u00edtico para 2026 come\u00e7a a se desenhar<\/strong><\/p>\n\n\n\n<p class=\"wp-block-paragraph\">\u200bGrupos de professores e profissionais da educa\u00e7\u00e3o no Paran\u00e1 iniciaram uma mobiliza\u00e7\u00e3o ativa para cadastrar eleitores com inten\u00e7\u00e3o de voto no deputado estadual <strong>Requi\u00e3o Filho (P<\/strong>D<strong>T)<\/strong>, pr\u00e9-candidato ao Governo do Estado. A iniciativa visa fortalecer a base de apoio e mapear o eleitorado, construindo o que os organizadores chamam de um &#8220;movimento forte para mudar a hist\u00f3ria do nosso estado&#8221;.<\/p>\n\n\n\n<p class=\"wp-block-paragraph\">\u200bO movimento utiliza um formul\u00e1rio online para coletar dados de apoiadores e de pessoas que demonstrem interesse na pr\u00e9-candidatura, com o objetivo claro de <strong>organizar um &#8220;ex\u00e9rcito de volunt\u00e1rios e apoiadores&#8221;<\/strong> em torno da plataforma pol\u00edtica do pr\u00e9-candidato. A a\u00e7\u00e3o de base \u00e9 um indicativo de que a campanha, ainda em sua fase inicial, busca capilaridade em setores-chave da sociedade civil organizada, como o magist\u00e9rio, tradicionalmente ativo em pautas estaduais.<\/p>\n\n\n\n<h3 class=\"wp-block-heading\">\u200b O Foco Na Educa\u00e7\u00e3o E O Hist\u00f3rico Familiar<\/h3>\n\n\n\n<p class=\"wp-block-paragraph\">\u200bA escolha do grupo de apoio inicial, vindo do meio da educa\u00e7\u00e3o, n\u00e3o \u00e9 aleat\u00f3ria. As pol\u00edticas educacionais e a rela\u00e7\u00e3o do governo estadual com os profissionais da \u00e1rea s\u00e3o temas centrais nos debates paranaenses. Requi\u00e3o Filho, por sua vez, carrega o peso pol\u00edtico do sobrenome, sendo filho do ex-governador Roberto Requi\u00e3o, que possui forte liga\u00e7\u00e3o hist\u00f3rica com a \u00e1rea da educa\u00e7\u00e3o e com o funcionalismo p\u00fablico.<\/p>\n\n\n\n<p class=\"wp-block-paragraph\">\u200bA mensagem divulgada pelos mobilizadores destaca que a pr\u00e9-candidatura representa &#8220;a voz de quem n\u00e3o tem medo de falar a verdade e lutar pelos nossos direitos,&#8221; uma ret\u00f3rica que busca ecoar entre as categorias que historicamente tiveram embates com administra\u00e7\u00f5es estaduais recentes.<\/p>\n\n\n\n<h3 class=\"wp-block-heading\">\u200b Panorama Pol\u00edtico E As Elei\u00e7\u00f5es De 2026<\/h3>\n\n\n\n<p class=\"wp-block-paragraph\">\u200bA mobiliza\u00e7\u00e3o dos professores ocorre em um momento em que as articula\u00e7\u00f5es para as elei\u00e7\u00f5es de 2026 no Paran\u00e1 come\u00e7am a ganhar tra\u00e7\u00e3o. Requi\u00e3o Filho, que atualmente \u00e9 presidente do diret\u00f3rio estadual do Partido Democr\u00e1tico Trabalhista, busca consolidar sua posi\u00e7\u00e3o como principal nome da oposi\u00e7\u00e3o ao grupo pol\u00edtico do atual governador, <strong>Ratinho Junior (PSD)<\/strong>.<\/p>\n\n\n\n<p class=\"wp-block-paragraph\">\u200bO cen\u00e1rio estadual \u00e9 complexo e deve envolver o embate entre a forte m\u00e1quina governista e as for\u00e7as de oposi\u00e7\u00e3o, que tentam se unificar. A estrat\u00e9gia de cadastramento de eleitores em segmentos espec\u00edficos, como o magist\u00e9rio, sinaliza uma tentativa de <strong>priorizar a milit\u00e2ncia e a organiza\u00e7\u00e3o de base<\/strong> para enfrentar o poderio financeiro e estrutural da situa\u00e7\u00e3o.<\/p>\n\n\n\n<p class=\"wp-block-paragraph\">\u200bA pr\u00e9-candidatura de Requi\u00e3o Filho tem sido impulsionada pela busca de um governo que seja &#8220;s\u00e9rio, transparente e ao lado do povo,&#8221; pilares que, segundo a oposi\u00e7\u00e3o, foram negligenciados nas \u00faltimas gest\u00f5es. A efic\u00e1cia dessa mobiliza\u00e7\u00e3o de base, como a dos professores, ser\u00e1 crucial para determinar o alcance e a competitividade do projeto pol\u00edtico do PT no estado.<\/p>\n","protected":false},"excerpt":{"rendered":"<p>\u200bMovimento de base ganha for\u00e7a em apoio \u00e0 pr\u00e9-candidatura do deputado estadual; panorama pol\u00edtico para 2026 come\u00e7a a se desenhar \u200bGrupos de professores e profissionais [&#8230;]<\/p>\n","protected":false},"author":1,"featured_media":694,"comment_status":"closed","ping_status":"closed","sticky":false,"template":"","format":"standard","meta":{"_crdt_document":"","_jetpack_memberships_contains_paid_content":false,"footnotes":"","jetpack_publicize_message":"","jetpack_publicize_feature_enabled":true,"jetpack_social_post_already_shared":false,"jetpack_social_options":{"image_generator_settings":{"template":"highway","default_image_id":0,"font":"","enabled":false},"version":2}},"categories":[5],"tags":[],"class_list":["post-693","post","type-post","status-publish","format-standard","has-post-thumbnail","hentry","category-parana"],"jetpack_publicize_connections":[],"jetpack_featured_media_url":"https:\/\/i0.wp.com\/oexpressobr.com.br\/wp-content\/uploads\/2025\/12\/images8.jpg?fit=576%2C384&ssl=1","jetpack_likes_enabled":true,"jetpack_sharing_enabled":true,"_links":{"self":[{"href":"https:\/\/oexpressobr.com.br\/index.php?rest_route=\/wp\/v2\/posts\/693","targetHints":{"allow":["GET"]}}],"collection":[{"href":"https:\/\/oexpressobr.com.br\/index.php?rest_route=\/wp\/v2\/posts"}],"about":[{"href":"https:\/\/oexpressobr.com.br\/index.php?rest_route=\/wp\/v2\/types\/post"}],"author":[{"embeddable":true,"href":"https:\/\/oexpressobr.com.br\/index.php?rest_route=\/wp\/v2\/users\/1"}],"replies":[{"embeddable":true,"href":"https:\/\/oexpressobr.com.br\/index.php?rest_route=%2Fwp%2Fv2%2Fcomments&post=693"}],"version-history":[{"count":3,"href":"https:\/\/oexpressobr.com.br\/index.php?rest_route=\/wp\/v2\/posts\/693\/revisions"}],"predecessor-version":[{"id":701,"href":"https:\/\/oexpressobr.com.br\/index.php?rest_route=\/wp\/v2\/posts\/693\/revisions\/701"}],"wp:featuredmedia":[{"embeddable":true,"href":"https:\/\/oexpressobr.com.br\/index.php?rest_route=\/wp\/v2\/media\/694"}],"wp:attachment":[{"href":"https:\/\/oexpressobr.com.br\/index.php?rest_route=%2Fwp%2Fv2%2Fmedia&parent=693"}],"wp:term":[{"taxonomy":"category","embeddable":true,"href":"https:\/\/oexpressobr.com.br\/index.php?rest_route=%2Fwp%2Fv2%2Fcategories&post=693"},{"taxonomy":"post_tag","embeddable":true,"href":"https:\/\/oexpressobr.com.br\/index.php?rest_route=%2Fwp%2Fv2%2Ftags&post=693"}],"curies":[{"name":"wp","href":"https:\/\/api.w.org\/{rel}","templated":true}]}}