{"id":702,"date":"2025-12-15T07:42:45","date_gmt":"2025-12-15T10:42:45","guid":{"rendered":"https:\/\/oexpressobr.com.br\/?p=702"},"modified":"2025-12-15T07:42:47","modified_gmt":"2025-12-15T10:42:47","slug":"lula-recusa-entrevista-ao-o-globo-e-critica-tratamento-editorial-do-grupo","status":"publish","type":"post","link":"https:\/\/oexpressobr.com.br\/?p=702","title":{"rendered":"Lula Recusa Entrevista ao O Globo e Critica Tratamento Editorial do Grupo"},"content":{"rendered":"\n<p class=\"wp-block-paragraph\">O presidente Luiz In\u00e1cio Lula da Silva recusou o convite para ser entrevistado pelo jornal <em>O Globo<\/em>, como parte de uma s\u00e9rie sobre ex-presidentes da Rep\u00fablica. A negativa foi formalizada em uma carta endere\u00e7ada ao jornalista Bernardo Mello Franco, na qual o presidente critica duramente o <strong>&#8220;not\u00f3rio tratamento editorial&#8221;<\/strong> que, segundo ele, o grupo Organiza\u00e7\u00f5es Globo adota em rela\u00e7\u00e3o a ele, seu governo e os processos judiciais a que foi submetido.<\/p>\n\n\n\n<p class=\"wp-block-paragraph\">\u200bNa carta, Lula faz uma distin\u00e7\u00e3o entre a conduta dos jornalistas e a linha editorial da empresa. &#8220;Agrade\u00e7o o convite para uma entrevista para o jornal O Globo em uma s\u00e9rie sobre ex-presidentes da Rep\u00fablica. Seu convite destoa da censura imposta pelas Organiza\u00e7\u00f5es Globo,&#8221; inicia o presidente. Ele afirma que o impedimento para atender ao pedido reside no tratamento editorial que, em sua vis\u00e3o, tem ra\u00edzes em <strong>&#8220;inverdades divulgadas pelos ve\u00edculos da Globo e jamais corrigidas&#8221;<\/strong>, mesmo ap\u00f3s evid\u00eancias e fatos reconhecidos por juristas.<\/p>\n\n\n\n<p class=\"wp-block-paragraph\">\u200bO presidente reitera que as senten\u00e7as que o condenaram foram incapazes de apontar qualquer ato il\u00edcito cometido durante sua gest\u00e3o, alegando ter sido condenado por <strong>&#8220;atos indeterminados&#8221;<\/strong>.<\/p>\n\n\n\n<blockquote class=\"wp-block-quote is-layout-flow wp-block-quote-is-layout-flow\">\n<p class=\"wp-block-paragraph\">\u200b&#8221;Ao inv\u00e9s de ser analisada com isen\u00e7\u00e3o jornal\u00edstica, a persegui\u00e7\u00e3o judicial contra mim foi premiada pelo O Globo. As revela\u00e7\u00f5es do site The Intercept foram censuradas, escondendo as provas de que fui julgado por um juiz parcial, em conluio com os promotores, que sabiam da fragilidade e falta de provas da sua acusa\u00e7\u00e3o.&#8221;<\/p>\n<\/blockquote>\n\n\n\n<p class=\"wp-block-paragraph\">\u200bLula condiciona a possibilidade de uma futura entrevista ao reconhecimento e corre\u00e7\u00e3o do que chama de <strong>&#8220;tratamento editorial difamat\u00f3rio&#8221;<\/strong> por parte das Organiza\u00e7\u00f5es Globo.<\/p>\n\n\n\n<h3 class=\"wp-block-heading\">\u200bO Contexto da Cr\u00edtica: Lava Jato e Anula\u00e7\u00f5es<\/h3>\n\n\n\n<p class=\"wp-block-paragraph\">\u200bA recusa de Lula e a cr\u00edtica veemente ao tratamento editorial est\u00e3o intrinsecamente ligadas ao per\u00edodo da Opera\u00e7\u00e3o Lava Jato. O presidente se refere explicitamente \u00e0 cobertura dos processos judiciais que resultaram em sua pris\u00e3o em 2018.<\/p>\n\n\n\n<p class=\"wp-block-paragraph\">\u200bAs <strong>&#8220;revela\u00e7\u00f5es do site The Intercept&#8221;<\/strong> mencionadas na carta se referem \u00e0 s\u00e9rie de reportagens conhecida como <strong>Vaza Jato<\/strong>, que exp\u00f4s di\u00e1logos entre o ent\u00e3o juiz Sergio Moro e procuradores da for\u00e7a-tarefa, sugerindo parcialidade nas investiga\u00e7\u00f5es e no julgamento.<\/p>\n\n\n\n<p class=\"wp-block-paragraph\">\u200bEm 2021, o Supremo Tribunal Federal (STF) reconheceu a incompet\u00eancia da Justi\u00e7a Federal de Curitiba para julgar Lula e, posteriormente, declarou a <strong>suspei\u00e7\u00e3o<\/strong> de Sergio Moro, anulando todas as condena\u00e7\u00f5es contra o presidente.<\/p>\n\n\n\n<p class=\"wp-block-paragraph\">\u200bEm meio a este cen\u00e1rio, o presidente da Rep\u00fablica mant\u00e9m a posi\u00e7\u00e3o de que a cobertura midi\u00e1tica da Globo \u00e0 \u00e9poca foi crucial para a valida\u00e7\u00e3o da persegui\u00e7\u00e3o judicial, o que se tornou um ponto central de sua rela\u00e7\u00e3o com o grupo de comunica\u00e7\u00e3o.<\/p>\n\n\n\n<h3 class=\"wp-block-heading\">\u200b\u00daltimas Not\u00edcias e Repercuss\u00e3o<\/h3>\n\n\n\n<p class=\"wp-block-paragraph\">\u200bDesde a publica\u00e7\u00e3o da carta, a postura de Lula em rela\u00e7\u00e3o a ve\u00edculos de imprensa que ele considera hostis tem sido objeto de debate e not\u00edcia. O presidente, hoje no seu terceiro mandato, frequentemente critica o que considera ser uma falta de isen\u00e7\u00e3o na cobertura de seu governo e de sua trajet\u00f3ria pol\u00edtica, um tema que ressurge periodicamente nas rela\u00e7\u00f5es entre o Pal\u00e1cio do Planalto e a imprensa tradicional. A recusa a um ve\u00edculo de grande alcance como <em>O Globo<\/em> refor\u00e7a a estrat\u00e9gia do presidente de demarcar claramente sua posi\u00e7\u00e3o em rela\u00e7\u00e3o \u00e0 cobertura de m\u00eddia que ele julga desfavor\u00e1vel.<\/p>\n\n\n\n<p class=\"wp-block-paragraph\"><strong>Carta de Lula ao O Globo <\/strong><\/p>\n\n\n\n<p class=\"wp-block-paragraph\">Prezado Bernardo,<br>Agrade\u00e7o o convite para uma entrevista para o jornal O Globo em uma s\u00e9rie sobre ex-presidentes da Rep\u00fablica. Seu convite destoa da censura imposta pelas Organiza\u00e7\u00f5es Globo.<br>N\u00e3o confundo as organiza\u00e7\u00f5es com as diferentes condutas profissionais de cada um dos seus jornalistas.<br>O que me impede de atend\u00ea-lo \u00e9 o not\u00f3rio tratamento editorial que as Organiza\u00e7\u00f5es Globo adotam em rela\u00e7\u00e3o a mim, meu governo e aos processos judiciais ilegais e arbitr\u00e1rios de que fui alvo, que t\u00eam ra\u00edzes em inverdades divulgadas pelos ve\u00edculos da Globo e jamais corrigidas, apesar dos fatos e das evid\u00eancias n\u00edtidas, reconhecidas por juristas no Brasil e no exterior.<br>As pr\u00f3prias senten\u00e7as t\u00e3o celebradas pela Globo s\u00e3o incapazes de apontar que ato errado eu teria cometido no exerc\u00edcio da presid\u00eancia da Rep\u00fablica.<br>Fui condenado por \u2018atos indeterminados\u2019.<br>Ao inv\u00e9s de ser analisada com isen\u00e7\u00e3o jornal\u00edstica, a persegui\u00e7\u00e3o judicial contra mim foi premiada pelo O Globo.<br>As revela\u00e7\u00f5es do site The Intercept foram censuradas, escondendo as provas de que fui julgado por um juiz parcial, em conluio com os promotores, que sabiam da fragilidade e falta de provas da sua acusa\u00e7\u00e3o.<br>Enquanto n\u00e3o for reconhecido e corrigido o tratamento editorial difamat\u00f3rio das Organiza\u00e7\u00f5es Globo n\u00e3o ser\u00e1 poss\u00edvel acolher um pedido de entrevista como parte de uma normalidade que n\u00e3o existe, pelos par\u00e2metros do jornalismo e da democracia.<\/p>\n\n\n\n<p class=\"wp-block-paragraph\">Luiz In\u00e1cio Lula da Silva\u201d<\/p>\n","protected":false},"excerpt":{"rendered":"<p>O presidente Luiz In\u00e1cio Lula da Silva recusou o convite para ser entrevistado pelo jornal O Globo, como parte de uma s\u00e9rie sobre ex-presidentes da [&#8230;]<\/p>\n","protected":false},"author":1,"featured_media":703,"comment_status":"closed","ping_status":"closed","sticky":false,"template":"","format":"standard","meta":{"_crdt_document":"","_jetpack_memberships_contains_paid_content":false,"footnotes":"","jetpack_publicize_message":"","jetpack_publicize_feature_enabled":true,"jetpack_social_post_already_shared":false,"jetpack_social_options":{"image_generator_settings":{"template":"highway","default_image_id":0,"font":"","enabled":false},"version":2}},"categories":[7],"tags":[],"class_list":["post-702","post","type-post","status-publish","format-standard","has-post-thumbnail","hentry","category-politica"],"jetpack_publicize_connections":[],"jetpack_featured_media_url":"https:\/\/i0.wp.com\/oexpressobr.com.br\/wp-content\/uploads\/2025\/12\/lula7.jpg?fit=924%2C515&ssl=1","jetpack_likes_enabled":true,"jetpack_sharing_enabled":true,"_links":{"self":[{"href":"https:\/\/oexpressobr.com.br\/index.php?rest_route=\/wp\/v2\/posts\/702","targetHints":{"allow":["GET"]}}],"collection":[{"href":"https:\/\/oexpressobr.com.br\/index.php?rest_route=\/wp\/v2\/posts"}],"about":[{"href":"https:\/\/oexpressobr.com.br\/index.php?rest_route=\/wp\/v2\/types\/post"}],"author":[{"embeddable":true,"href":"https:\/\/oexpressobr.com.br\/index.php?rest_route=\/wp\/v2\/users\/1"}],"replies":[{"embeddable":true,"href":"https:\/\/oexpressobr.com.br\/index.php?rest_route=%2Fwp%2Fv2%2Fcomments&post=702"}],"version-history":[{"count":1,"href":"https:\/\/oexpressobr.com.br\/index.php?rest_route=\/wp\/v2\/posts\/702\/revisions"}],"predecessor-version":[{"id":704,"href":"https:\/\/oexpressobr.com.br\/index.php?rest_route=\/wp\/v2\/posts\/702\/revisions\/704"}],"wp:featuredmedia":[{"embeddable":true,"href":"https:\/\/oexpressobr.com.br\/index.php?rest_route=\/wp\/v2\/media\/703"}],"wp:attachment":[{"href":"https:\/\/oexpressobr.com.br\/index.php?rest_route=%2Fwp%2Fv2%2Fmedia&parent=702"}],"wp:term":[{"taxonomy":"category","embeddable":true,"href":"https:\/\/oexpressobr.com.br\/index.php?rest_route=%2Fwp%2Fv2%2Fcategories&post=702"},{"taxonomy":"post_tag","embeddable":true,"href":"https:\/\/oexpressobr.com.br\/index.php?rest_route=%2Fwp%2Fv2%2Ftags&post=702"}],"curies":[{"name":"wp","href":"https:\/\/api.w.org\/{rel}","templated":true}]}}