{"id":705,"date":"2025-12-15T08:10:51","date_gmt":"2025-12-15T11:10:51","guid":{"rendered":"https:\/\/oexpressobr.com.br\/?p=705"},"modified":"2025-12-15T08:10:53","modified_gmt":"2025-12-15T11:10:53","slug":"startup-catarinense-salva-arvores-doentes-e-gera-creditos-de-carbono-em-cidades","status":"publish","type":"post","link":"https:\/\/oexpressobr.com.br\/?p=705","title":{"rendered":"Startup Catarinense Salva \u00c1rvores Doentes e Gera Cr\u00e9ditos de Carbono em Cidades"},"content":{"rendered":"\n<h3 class=\"wp-block-heading\">Inova\u00e7\u00e3o Verde no Sul<\/h3>\n\n\n\n<p class=\"wp-block-paragraph\">\u200bUma <strong>startup sediada em Santa Catarina<\/strong> est\u00e1 revolucionando a gest\u00e3o de \u00e1reas verdes urbanas ao transformar \u00e1rvores consideradas &#8220;doentes&#8221; ou problem\u00e1ticas em uma fonte de <strong>cr\u00e9ditos de carbono urbanos<\/strong>. A iniciativa visa resolver um problema comum na maioria dos munic\u00edpios brasileiros: a falta de um planejamento de arboriza\u00e7\u00e3o eficaz.<\/p>\n\n\n\n<p class=\"wp-block-paragraph\">\u200bA empresa catarinense identificou que a car\u00eancia de um plano diretor de arboriza\u00e7\u00e3o resulta em pr\u00e1ticas inadequadas, como podas excessivas ou incorretas, o que compromete a sa\u00fade das \u00e1rvores, aumenta o risco de queda e gera conflitos constantes com a infraestrutura urbana, especialmente as redes el\u00e9tricas.<\/p>\n\n\n\n<h3 class=\"wp-block-heading\">\u200bDo Diagn\u00f3stico \u00e0 Gera\u00e7\u00e3o de Valor<\/h3>\n\n\n\n<p class=\"wp-block-paragraph\">\u200bO cerne da atua\u00e7\u00e3o da startup \u00e9 a <strong>sa\u00fade e a longevidade da arboriza\u00e7\u00e3o urbana<\/strong>. Em vez de simplesmente remover \u00e1rvores comprometidas\u2014o que \u00e9 muitas vezes o destino delas\u2014a empresa utiliza tecnologia para realizar um diagn\u00f3stico detalhado. Esse diagn\u00f3stico n\u00e3o s\u00f3 identifica a patologia da \u00e1rvore ou o risco estrutural, mas tamb\u00e9m elabora um plano de manejo espec\u00edfico para sua recupera\u00e7\u00e3o e manuten\u00e7\u00e3o.<\/p>\n\n\n\n<ul class=\"wp-block-list\">\n<li>\u200b<strong>Mapeamento e Diagn\u00f3stico:<\/strong> Uso de ferramentas de geoprocessamento e biologia para avaliar o estado de cada esp\u00e9cime.<\/li>\n\n\n\n<li>\u200b<strong>Manejo Sustent\u00e1vel:<\/strong> Implementa\u00e7\u00e3o de t\u00e9cnicas de poda e tratamento que garantem a sobrevida e o pleno desenvolvimento da \u00e1rvore.<\/li>\n<\/ul>\n\n\n\n<p class=\"wp-block-paragraph\">\u200bO grande diferencial reside na capacidade de <strong>quantificar o sequestro de carbono<\/strong> que essas \u00e1rvores, uma vez tratadas e manejadas corretamente, continuam a realizar. Ao garantir a perman\u00eancia de uma \u00e1rvore saud\u00e1vel e madura no ambiente urbano, a startup n\u00e3o s\u00f3 preserva os benef\u00edcios ambientais locais (como sombreamento, redu\u00e7\u00e3o de ilhas de calor e reten\u00e7\u00e3o de \u00e1gua), mas tamb\u00e9m calcula o carbono que ela continua a reter.<\/p>\n\n\n\n<h3 class=\"wp-block-heading\">\u200bCr\u00e9ditos de Carbono Urbanos: Uma Nova Economia Verde<\/h3>\n\n\n\n<p class=\"wp-block-paragraph\">\u200bOs volumes de carbono sequestrados s\u00e3o ent\u00e3o transformados em <strong>cr\u00e9ditos de carbono urbanos<\/strong>, que podem ser negociados no mercado. Isso cria um ciclo virtuoso:<\/p>\n\n\n\n<ol class=\"wp-block-list\">\n<li>\u200b<strong>Valoriza\u00e7\u00e3o do Patrim\u00f4nio:<\/strong> As \u00e1rvores deixam de ser vistas como um custo ou um risco e passam a ser um ativo ambiental.<\/li>\n\n\n\n<li>\u200b<strong>Financiamento da Manuten\u00e7\u00e3o:<\/strong> A venda dos cr\u00e9ditos pode financiar as opera\u00e7\u00f5es de manejo e tratamento, tornando o projeto autossustent\u00e1vel para o munic\u00edpio.<\/li>\n\n\n\n<li>\u200b<strong>Incentivo \u00e0 Sustentabilidade:<\/strong> Empresas podem comprar esses cr\u00e9ditos para compensar suas pr\u00f3prias emiss\u00f5es, investindo diretamente na melhoria do verde urbano.<\/li>\n<\/ol>\n\n\n\n<h3 class=\"wp-block-heading\">\u200bPanorama Nacional e a Relev\u00e2ncia do Tema<\/h3>\n\n\n\n<p class=\"wp-block-paragraph\">\u200bA iniciativa catarinense se insere em um contexto de <strong>crescente aten\u00e7\u00e3o global<\/strong> ao papel das cidades no combate \u00e0s mudan\u00e7as clim\u00e1ticas. De acordo com o \u00faltimo <strong>Relat\u00f3rio de Arboriza\u00e7\u00e3o Urbana do IBGE<\/strong>, muitas capitais brasileiras ainda enfrentam grandes desafios na gest\u00e3o de suas \u00e1reas verdes, com taxas de cobertura arb\u00f3rea insuficientes em diversas regi\u00f5es.<\/p>\n\n\n\n<p class=\"wp-block-paragraph\">\u200bA busca por solu\u00e7\u00f5es inovadoras para o mercado de carbono tem se intensificado. Enquanto a maioria dos projetos se concentra em grandes florestas e \u00e1reas rurais (o chamado <strong>cr\u00e9dito de carbono florestal<\/strong>), o conceito de <strong>cr\u00e9dito de carbono urbano<\/strong> \u00e9 uma fronteira mais recente, exigindo metodologias de c\u00e1lculo espec\u00edficas e certifica\u00e7\u00e3o rigorosa para ser aceito pelo mercado.<\/p>\n\n\n\n<p class=\"wp-block-paragraph\">\u200bA startup de Santa Catarina, ao integrar a gest\u00e3o t\u00e9cnica de \u00e1rvores com a gera\u00e7\u00e3o de um ativo financeiro verde, n\u00e3o apenas contribui para a <strong>seguran\u00e7a e a beleza das cidades<\/strong>, mas tamb\u00e9m estabelece um modelo que pode ser replicado em todo o pa\u00eds, incentivando munic\u00edpios a adotarem pol\u00edticas s\u00e9rias e cientificamente embasadas para sua arboriza\u00e7\u00e3o.<\/p>\n","protected":false},"excerpt":{"rendered":"<p>Inova\u00e7\u00e3o Verde no Sul \u200bUma startup sediada em Santa Catarina est\u00e1 revolucionando a gest\u00e3o de \u00e1reas verdes urbanas ao transformar \u00e1rvores consideradas &#8220;doentes&#8221; ou problem\u00e1ticas [&#8230;]<\/p>\n","protected":false},"author":1,"featured_media":706,"comment_status":"closed","ping_status":"closed","sticky":false,"template":"","format":"standard","meta":{"_crdt_document":"","_jetpack_memberships_contains_paid_content":false,"footnotes":"","jetpack_publicize_message":"","jetpack_publicize_feature_enabled":true,"jetpack_social_post_already_shared":false,"jetpack_social_options":{"image_generator_settings":{"template":"highway","default_image_id":0,"font":"","enabled":false},"version":2}},"categories":[32],"tags":[],"class_list":["post-705","post","type-post","status-publish","format-standard","has-post-thumbnail","hentry","category-meio-ambiente"],"jetpack_publicize_connections":[],"jetpack_featured_media_url":"https:\/\/i0.wp.com\/oexpressobr.com.br\/wp-content\/uploads\/2025\/12\/IMG-20251213-WA0080.jpg?fit=750%2C562&ssl=1","jetpack_likes_enabled":true,"jetpack_sharing_enabled":true,"_links":{"self":[{"href":"https:\/\/oexpressobr.com.br\/index.php?rest_route=\/wp\/v2\/posts\/705","targetHints":{"allow":["GET"]}}],"collection":[{"href":"https:\/\/oexpressobr.com.br\/index.php?rest_route=\/wp\/v2\/posts"}],"about":[{"href":"https:\/\/oexpressobr.com.br\/index.php?rest_route=\/wp\/v2\/types\/post"}],"author":[{"embeddable":true,"href":"https:\/\/oexpressobr.com.br\/index.php?rest_route=\/wp\/v2\/users\/1"}],"replies":[{"embeddable":true,"href":"https:\/\/oexpressobr.com.br\/index.php?rest_route=%2Fwp%2Fv2%2Fcomments&post=705"}],"version-history":[{"count":1,"href":"https:\/\/oexpressobr.com.br\/index.php?rest_route=\/wp\/v2\/posts\/705\/revisions"}],"predecessor-version":[{"id":707,"href":"https:\/\/oexpressobr.com.br\/index.php?rest_route=\/wp\/v2\/posts\/705\/revisions\/707"}],"wp:featuredmedia":[{"embeddable":true,"href":"https:\/\/oexpressobr.com.br\/index.php?rest_route=\/wp\/v2\/media\/706"}],"wp:attachment":[{"href":"https:\/\/oexpressobr.com.br\/index.php?rest_route=%2Fwp%2Fv2%2Fmedia&parent=705"}],"wp:term":[{"taxonomy":"category","embeddable":true,"href":"https:\/\/oexpressobr.com.br\/index.php?rest_route=%2Fwp%2Fv2%2Fcategories&post=705"},{"taxonomy":"post_tag","embeddable":true,"href":"https:\/\/oexpressobr.com.br\/index.php?rest_route=%2Fwp%2Fv2%2Ftags&post=705"}],"curies":[{"name":"wp","href":"https:\/\/api.w.org\/{rel}","templated":true}]}}