{"id":7080,"date":"2026-03-31T18:04:44","date_gmt":"2026-03-31T21:04:44","guid":{"rendered":"https:\/\/oexpressobr.com.br\/?p=7080"},"modified":"2026-03-31T18:04:46","modified_gmt":"2026-03-31T21:04:46","slug":"ratinho-e-jornalista-de-cascavel-protagonizam-embate-apos-audios-de-ameacas-na-rede-massa","status":"publish","type":"post","link":"https:\/\/oexpressobr.com.br\/?p=7080","title":{"rendered":"Ratinho e jornalista de Cascavel protagonizam embate ap\u00f3s \u00e1udios de amea\u00e7as na Rede Massa"},"content":{"rendered":"\n<p class=\"wp-block-paragraph\">O apresentador <strong>Carlos Roberto Massa<\/strong>, conhecido nacionalmente como <strong>Ratinho<\/strong>, voltou ao centro de uma pol\u00eamica envolvendo a liberdade de imprensa e o exerc\u00edcio profissional no Paran\u00e1. O caso, que ganhou repercuss\u00e3o ap\u00f3s a divulga\u00e7\u00e3o de \u00e1udios transmitidos pela pr\u00f3pria <strong>Rede Massa<\/strong>, envolve amea\u00e7as diretas ao jornalista <strong>Marcos Formighieri<\/strong>, de Cascavel.<\/p>\n\n\n\n<h3 class=\"wp-block-heading\">\u200bO estopim do conflito<\/h3>\n\n\n\n<p class=\"wp-block-paragraph\">\u200bA controv\u00e9rsia teve in\u00edcio quando Ratinho utilizou o sinal de suas emissoras para proferir ataques contra Formighieri. No material divulgado, o apresentador utiliza um tom agressivo para questionar a conduta do jornalista local, chegando a sugerir retalia\u00e7\u00f5es. O epis\u00f3dio gerou imediata rea\u00e7\u00e3o de entidades de classe e ve\u00edculos de comunica\u00e7\u00e3o independentes, que classificaram a atitude como uma tentativa de intimida\u00e7\u00e3o e abuso de poder econ\u00f4mico\/midi\u00e1tico.<\/p>\n\n\n\n<h3 class=\"wp-block-heading\">\u200bDesdobramentos recentes e o cerco judicial<\/h3>\n\n\n\n<p class=\"wp-block-paragraph\">\u200bEmbora o caso de Cascavel seja o foco das aten\u00e7\u00f5es locais, o hist\u00f3rico de embates judiciais de Ratinho com a imprensa tem ganhado novos cap\u00edtulos. Recentemente, em <strong>mar\u00e7o de 2026<\/strong>, o Tribunal de Justi\u00e7a do Paran\u00e1 (TJPR) tomou decis\u00f5es que refor\u00e7am a tens\u00e3o entre o empres\u00e1rio e jornalistas:<\/p>\n\n\n\n<ul class=\"wp-block-list\">\n<li>\u200b<strong>Condena\u00e7\u00e3o de Profissionais:<\/strong> Em uma decis\u00e3o paralela, a Justi\u00e7a determinou que um jornalista pagasse <strong>R$ 20 mil<\/strong> em indeniza\u00e7\u00e3o a Ratinho por danos morais ap\u00f3s publica\u00e7\u00f5es que o chamavam de &#8220;fracassado&#8221;.<\/li>\n\n\n\n<li>\u200b<strong>A\u00e7\u00f5es Coletivas:<\/strong> Sindicatos de jornalistas e a Fenaj acompanham de perto os \u00e1udios de Cascavel, avaliando se as falas de Ratinho configuram crime de amea\u00e7a ou cerceamento da liberdade de express\u00e3o, o que poderia gerar novas a\u00e7\u00f5es civis p\u00fablicas.<\/li>\n<\/ul>\n\n\n\n<h3 class=\"wp-block-heading\">\u200bRepercuss\u00e3o no setor<\/h3>\n\n\n\n<p class=\"wp-block-paragraph\">\u200bA postura de Ratinho tem sido criticada por profissionais que defendem a \u00e9tica jornal\u00edstica. Enquanto o apresentador alega estar &#8220;defendendo sua imagem&#8221; contra o que chama de cal\u00fanias, o Sindicato dos Jornalistas Profissionais do Paran\u00e1 (Sindijor-PR) tem reiterado que cr\u00edticas a figuras p\u00fablicas fazem parte da democracia e que o uso de concess\u00f5es p\u00fablicas de TV e r\u00e1dio para ataques pessoais \u00e9 uma pr\u00e1tica que deve ser punida pelos \u00f3rg\u00e3os reguladores.<\/p>\n\n\n\n<blockquote class=\"wp-block-quote is-layout-flow wp-block-quote-is-layout-flow\">\n<p class=\"wp-block-paragraph\">\u200b<strong>Contexto:<\/strong> Marcos Formighieri \u00e9 conhecido por sua atua\u00e7\u00e3o em Cascavel, e o embate com Ratinho exp\u00f5e a fragilidade de jornalistas do interior diante de grandes conglomerados de m\u00eddia comandados por figuras pol\u00edticas e empresariais.<\/p>\n<\/blockquote>\n\n\n\n<p class=\"wp-block-paragraph\">\u200bAt\u00e9 o momento, a defesa de Carlos Massa n\u00e3o emitiu uma nota oficial detalhando os novos \u00e1udios, mantendo a postura de que o apresentador apenas reage a ataques infundados contra sua trajet\u00f3ria profissional. O caso segue sob an\u00e1lise jur\u00eddica e deve mobilizar as bancadas de \u00e9tica da comunica\u00e7\u00e3o nos pr\u00f3ximos meses.<\/p>\n","protected":false},"excerpt":{"rendered":"<p>O apresentador Carlos Roberto Massa, conhecido nacionalmente como Ratinho, voltou ao centro de uma pol\u00eamica envolvendo a liberdade de imprensa e o exerc\u00edcio profissional no [&#8230;]<\/p>\n","protected":false},"author":1,"featured_media":7081,"comment_status":"open","ping_status":"open","sticky":false,"template":"","format":"standard","meta":{"_crdt_document":"","_jetpack_memberships_contains_paid_content":false,"footnotes":"","jetpack_publicize_message":"","jetpack_publicize_feature_enabled":true,"jetpack_social_post_already_shared":true,"jetpack_social_options":{"image_generator_settings":{"template":"highway","default_image_id":0,"font":"","enabled":false},"version":2}},"categories":[16],"tags":[],"class_list":["post-7080","post","type-post","status-publish","format-standard","has-post-thumbnail","hentry","category-denuncia"],"jetpack_publicize_connections":[],"jetpack_featured_media_url":"https:\/\/i0.wp.com\/oexpressobr.com.br\/wp-content\/uploads\/2026\/03\/ratinho-vs-formighieri.jpg?fit=1200%2C675&ssl=1","jetpack_likes_enabled":true,"jetpack_sharing_enabled":true,"_links":{"self":[{"href":"https:\/\/oexpressobr.com.br\/index.php?rest_route=\/wp\/v2\/posts\/7080","targetHints":{"allow":["GET"]}}],"collection":[{"href":"https:\/\/oexpressobr.com.br\/index.php?rest_route=\/wp\/v2\/posts"}],"about":[{"href":"https:\/\/oexpressobr.com.br\/index.php?rest_route=\/wp\/v2\/types\/post"}],"author":[{"embeddable":true,"href":"https:\/\/oexpressobr.com.br\/index.php?rest_route=\/wp\/v2\/users\/1"}],"replies":[{"embeddable":true,"href":"https:\/\/oexpressobr.com.br\/index.php?rest_route=%2Fwp%2Fv2%2Fcomments&post=7080"}],"version-history":[{"count":1,"href":"https:\/\/oexpressobr.com.br\/index.php?rest_route=\/wp\/v2\/posts\/7080\/revisions"}],"predecessor-version":[{"id":7082,"href":"https:\/\/oexpressobr.com.br\/index.php?rest_route=\/wp\/v2\/posts\/7080\/revisions\/7082"}],"wp:featuredmedia":[{"embeddable":true,"href":"https:\/\/oexpressobr.com.br\/index.php?rest_route=\/wp\/v2\/media\/7081"}],"wp:attachment":[{"href":"https:\/\/oexpressobr.com.br\/index.php?rest_route=%2Fwp%2Fv2%2Fmedia&parent=7080"}],"wp:term":[{"taxonomy":"category","embeddable":true,"href":"https:\/\/oexpressobr.com.br\/index.php?rest_route=%2Fwp%2Fv2%2Fcategories&post=7080"},{"taxonomy":"post_tag","embeddable":true,"href":"https:\/\/oexpressobr.com.br\/index.php?rest_route=%2Fwp%2Fv2%2Ftags&post=7080"}],"curies":[{"name":"wp","href":"https:\/\/api.w.org\/{rel}","templated":true}]}}