{"id":714,"date":"2025-12-15T08:26:49","date_gmt":"2025-12-15T11:26:49","guid":{"rendered":"https:\/\/oexpressobr.com.br\/?p=714"},"modified":"2025-12-15T08:26:50","modified_gmt":"2025-12-15T11:26:50","slug":"relacoes-com-lula-e-alivio-tarifario-precederam-fim-de-sancoes-a-moraes","status":"publish","type":"post","link":"https:\/\/oexpressobr.com.br\/?p=714","title":{"rendered":"Rela\u00e7\u00f5es com Lula e al\u00edvio tarif\u00e1rio precederam fim de san\u00e7\u00f5es a Moraes"},"content":{"rendered":"\n<p class=\"wp-block-paragraph\">Em um movimento que sinaliza um novo momento nas rela\u00e7\u00f5es entre os governos de Luiz In\u00e1cio Lula da Silva (PT) e Donald Trump, os Estados Unidos retiraram o ministro do Supremo Tribunal Federal (STF), Alexandre de Moraes, de sua esposa, Viviane Barci de Moraes, e da entidade Lex &#8211; Instituto de Estudos Jur\u00eddicos da lista de san\u00e7\u00f5es da Lei Global Magnitsky. A decis\u00e3o, anunciada pelo Departamento do Tesouro americano, reverte uma medida controversa que estava em vigor desde julho e que havia gerado atritos diplom\u00e1ticos significativos.<\/p>\n\n\n\n<p class=\"wp-block-paragraph\">\u200bA revoga\u00e7\u00e3o das san\u00e7\u00f5es, que inclu\u00edam bloqueio de bens e restri\u00e7\u00f5es a transa\u00e7\u00f5es financeiras nos EUA, al\u00e9m de impacto em servi\u00e7os digitais e de viagens, ocorreu em meio a um contexto de aproxima\u00e7\u00e3o entre os presidentes Lula e Trump. Autoridades americanas indicaram que a medida foi facilitada por um &#8220;contexto pol\u00edtico&#8221; que permitiu o recuo sem desgaste diplom\u00e1tico, atrelado, em parte, \u00e0 discuss\u00e3o de propostas no Brasil.<\/p>\n\n\n\n<h3 class=\"wp-block-heading\">\u200bO Efeito Lula e o Al\u00edvio Tarif\u00e1rio<\/h3>\n\n\n\n<p class=\"wp-block-paragraph\">\u200bA imprensa internacional e brasileira destacou que as negocia\u00e7\u00f5es para o fim das san\u00e7\u00f5es avan\u00e7aram significativamente ap\u00f3s conversas entre a gest\u00e3o Trump e o governo Lula. O presidente brasileiro, desde o in\u00edcio da crise, posicionou-se contra a aplica\u00e7\u00e3o da Lei Magnitsky a magistrados brasileiros, defendendo a soberania nacional e a autonomia do Poder Judici\u00e1rio.<\/p>\n\n\n\n<ul class=\"wp-block-list\">\n<li>\u200b<strong>Diplomacia e Soberania:<\/strong> Moraes, ao comentar a decis\u00e3o, fez quest\u00e3o de agradecer o empenho de Lula, mencionando que o presidente havia afirmado que o pa\u00eds n\u00e3o permitiria &#8220;interven\u00e7\u00e3o na soberania brasileira&#8221;. O ministro classificou a retirada como uma &#8220;vit\u00f3ria da soberania nacional&#8221; e da democracia.<\/li>\n\n\n\n<li>\u200b<strong>Negocia\u00e7\u00f5es Econ\u00f4micas Paralelas:<\/strong> A decis\u00e3o americana tamb\u00e9m se deu em paralelo a tratativas para a redu\u00e7\u00e3o de tarifas sobre produtos brasileiros. Embora muitos setores importantes, como o agr\u00edcola, continuem sob sobretaxa, uma nova leva de mercadorias do Brasil foi retirada do rol de tarifas, o que sugere uma negocia\u00e7\u00e3o mais ampla entre os dois pa\u00edses.<\/li>\n<\/ul>\n\n\n\n<h3 class=\"wp-block-heading\">\u200bEntenda a Lei Magnitsky e as San\u00e7\u00f5es<\/h3>\n\n\n\n<p class=\"wp-block-paragraph\">\u200bA Lei Global Magnitsky (ou Magnitsky Act) foi criada nos Estados Unidos para permitir a puni\u00e7\u00e3o de estrangeiros envolvidos em graves viola\u00e7\u00f5es de direitos humanos ou corrup\u00e7\u00e3o, por meio de bloqueio de bens e restri\u00e7\u00f5es financeiras e de vistos.<\/p>\n\n\n\n<ul class=\"wp-block-list\">\n<li>\u200b<strong>Precedente In\u00e9dito:<\/strong> A aplica\u00e7\u00e3o da lei contra Moraes, em julho, foi motivada pelas cr\u00edticas do governo Trump \u00e0 atua\u00e7\u00e3o do ministro em processos como o julgamento de Jair Bolsonaro (PL) e as decis\u00f5es contra a dissemina\u00e7\u00e3o de <em>fake news<\/em> e a defesa do Estado Democr\u00e1tico de Direito. A medida foi considerada in\u00e9dita contra uma autoridade do Judici\u00e1rio brasileiro.<\/li>\n\n\n\n<li>\u200b<strong>Rea\u00e7\u00f5es no Brasil:<\/strong> A san\u00e7\u00e3o gerou intensa polariza\u00e7\u00e3o. Enquanto pol\u00edticos de direita, como o deputado Eduardo Bolsonaro (PL-SP), lamentaram a retirada e a atribu\u00edram \u00e0 falta de unidade da direita, l\u00edderes do PT e de outros partidos de esquerda celebraram a decis\u00e3o como uma &#8220;vit\u00f3ria da democracia&#8221; e da diplomacia de Lula.<\/li>\n<\/ul>\n\n\n\n<h3 class=\"wp-block-heading\">\u200bO Fim das Restri\u00e7\u00f5es e o Cen\u00e1rio Futuro<\/h3>\n\n\n\n<p class=\"wp-block-paragraph\">\u200bCom a exclus\u00e3o da lista do Departamento do Tesouro, Moraes e sua esposa voltam a ter o acesso a servi\u00e7os financeiros e de viagem normalizados, cessando o congelamento de ativos e o impedimento de transa\u00e7\u00f5es que envolvam institui\u00e7\u00f5es com v\u00ednculos com os EUA.<\/p>\n\n\n\n<p class=\"wp-block-paragraph\">\u200bO epis\u00f3dio da Magnitsky, que perdurou por cerca de cinco meses, encerra-se com o reconhecimento da import\u00e2ncia da estabilidade institucional brasileira e refor\u00e7a a linha diplom\u00e1tica de Lula em defesa da n\u00e3o interven\u00e7\u00e3o externa em assuntos internos.<\/p>\n","protected":false},"excerpt":{"rendered":"<p>Em um movimento que sinaliza um novo momento nas rela\u00e7\u00f5es entre os governos de Luiz In\u00e1cio Lula da Silva (PT) e Donald Trump, os Estados [&#8230;]<\/p>\n","protected":false},"author":1,"featured_media":715,"comment_status":"closed","ping_status":"closed","sticky":false,"template":"","format":"standard","meta":{"_crdt_document":"","_jetpack_memberships_contains_paid_content":false,"footnotes":"","jetpack_publicize_message":"","jetpack_publicize_feature_enabled":true,"jetpack_social_post_already_shared":false,"jetpack_social_options":{"image_generator_settings":{"template":"highway","default_image_id":0,"font":"","enabled":false},"version":2}},"categories":[15],"tags":[],"class_list":["post-714","post","type-post","status-publish","format-standard","has-post-thumbnail","hentry","category-internacional"],"jetpack_publicize_connections":[],"jetpack_featured_media_url":"https:\/\/i0.wp.com\/oexpressobr.com.br\/wp-content\/uploads\/2025\/12\/IMG-20251029-WA0404.jpg?fit=750%2C497&ssl=1","jetpack_likes_enabled":true,"jetpack_sharing_enabled":true,"_links":{"self":[{"href":"https:\/\/oexpressobr.com.br\/index.php?rest_route=\/wp\/v2\/posts\/714","targetHints":{"allow":["GET"]}}],"collection":[{"href":"https:\/\/oexpressobr.com.br\/index.php?rest_route=\/wp\/v2\/posts"}],"about":[{"href":"https:\/\/oexpressobr.com.br\/index.php?rest_route=\/wp\/v2\/types\/post"}],"author":[{"embeddable":true,"href":"https:\/\/oexpressobr.com.br\/index.php?rest_route=\/wp\/v2\/users\/1"}],"replies":[{"embeddable":true,"href":"https:\/\/oexpressobr.com.br\/index.php?rest_route=%2Fwp%2Fv2%2Fcomments&post=714"}],"version-history":[{"count":1,"href":"https:\/\/oexpressobr.com.br\/index.php?rest_route=\/wp\/v2\/posts\/714\/revisions"}],"predecessor-version":[{"id":716,"href":"https:\/\/oexpressobr.com.br\/index.php?rest_route=\/wp\/v2\/posts\/714\/revisions\/716"}],"wp:featuredmedia":[{"embeddable":true,"href":"https:\/\/oexpressobr.com.br\/index.php?rest_route=\/wp\/v2\/media\/715"}],"wp:attachment":[{"href":"https:\/\/oexpressobr.com.br\/index.php?rest_route=%2Fwp%2Fv2%2Fmedia&parent=714"}],"wp:term":[{"taxonomy":"category","embeddable":true,"href":"https:\/\/oexpressobr.com.br\/index.php?rest_route=%2Fwp%2Fv2%2Fcategories&post=714"},{"taxonomy":"post_tag","embeddable":true,"href":"https:\/\/oexpressobr.com.br\/index.php?rest_route=%2Fwp%2Fv2%2Ftags&post=714"}],"curies":[{"name":"wp","href":"https:\/\/api.w.org\/{rel}","templated":true}]}}