{"id":717,"date":"2025-12-15T08:32:51","date_gmt":"2025-12-15T11:32:51","guid":{"rendered":"https:\/\/oexpressobr.com.br\/?p=717"},"modified":"2025-12-15T08:32:54","modified_gmt":"2025-12-15T11:32:54","slug":"flamengo-a-marca-global-do-maracana-a-final-intercontinental-contra-o-psg","status":"publish","type":"post","link":"https:\/\/oexpressobr.com.br\/?p=717","title":{"rendered":"Flamengo, A Marca Global: Do Maracan\u00e3 \u00c0 Final Intercontinental Contra O PSG"},"content":{"rendered":"\n<p class=\"wp-block-paragraph\">O Flamengo n\u00e3o apenas refor\u00e7a sua hegemonia no futebol sul-americano com o tetracampeonato da Libertadores, mas consolida a expans\u00e3o de sua &#8220;marca&#8221; no cen\u00e1rio mundial. O \u00e1pice dessa estrat\u00e9gia de internacionaliza\u00e7\u00e3o \u00e9 a participa\u00e7\u00e3o em dois Mundiais de Clubes organizados pela FIFA: a <strong>Copa Intercontinental 2025<\/strong> (em seu novo formato anual) e o <strong>Mundial de Clubes de 2029<\/strong> (o novo torneio quadrienal com 32 equipes, ap\u00f3s a presen\u00e7a na primeira edi\u00e7\u00e3o em 2024).<\/p>\n\n\n\n<p class=\"wp-block-paragraph\">\u200bNeste momento, o foco est\u00e1 na decis\u00e3o da Copa Intercontinental, na qual o Rubro-Negro Carioca garantiu sua vaga na final e enfrentar\u00e1 o poderoso <strong>Paris Saint-Germain (PSG)<\/strong>, atual campe\u00e3o da Liga dos Campe\u00f5es da Europa. A grande final est\u00e1 marcada para a pr\u00f3xima quarta-feira, 17 de dezembro, no Est\u00e1dio Ahmad Bin Ali, em Al Rayyan, no Catar.<\/p>\n\n\n\n<p class=\"wp-block-paragraph\">\u200b<strong>Caminho para a Final:<\/strong><\/p>\n\n\n\n<p class=\"wp-block-paragraph\">\u200bO Flamengo, comandado pelo t\u00e9cnico Filipe Lu\u00eds, iniciou sua jornada no Catar com a vit\u00f3ria por 2 a 1 sobre o <strong>Cruz Azul<\/strong>, do M\u00e9xico, no chamado &#8220;D\u00e9rbi das Am\u00e9ricas&#8221; em 10 de dezembro. Em seguida, conquistou a rec\u00e9m-criada <strong>Copa Challenger da FIFA<\/strong> ao bater o <strong>Pyramids<\/strong>, do Egito, por 2 a 0 em 13 de dezembro, garantindo o direito de desafiar o campe\u00e3o europeu na final\u00edssima. Os gols da vit\u00f3ria contra o time eg\u00edpcio foram marcados pela dupla de zaga, L\u00e9o Pereira e Danilo.<\/p>\n\n\n\n<p class=\"wp-block-paragraph\">\u200bA chegada \u00e0 decis\u00e3o garante ao clube uma premia\u00e7\u00e3o milion\u00e1ria. A vice-lideran\u00e7a no torneio intercontinental rende cerca de <strong>US$ 4 milh\u00f5es<\/strong> (aproximadamente R$ 21,8 milh\u00f5es), com o valor subindo para <strong>US$ 5 milh\u00f5es<\/strong> (cerca de R$ 27,3 milh\u00f5es) caso conquiste o in\u00e9dito t\u00edtulo neste novo formato.<\/p>\n\n\n\n<p class=\"wp-block-paragraph\">\u200b<strong>O Desafio Contra o PSG:<\/strong><\/p>\n\n\n\n<p class=\"wp-block-paragraph\">\u200bO confronto contra a equipe francesa, que entra na competi\u00e7\u00e3o diretamente na final, representa a chance de coroar uma temporada hist\u00f3rica para o Flamengo, que j\u00e1 levantou os trof\u00e9us do Carioca, Supercopa do Brasil e Brasileir\u00e3o.<\/p>\n\n\n\n<p class=\"wp-block-paragraph\">\u200bO t\u00e9cnico do PSG, Luis Enrique, j\u00e1 demonstrou preocupa\u00e7\u00e3o, afirmando que o time brasileiro &#8220;est\u00e1 impar\u00e1vel&#8221; e ser\u00e1 um &#8220;problema&#8221; na decis\u00e3o. O hist\u00f3rico entre os clubes mostra um equil\u00edbrio, com uma vit\u00f3ria para cada lado e um empate em amistosos antigos.<\/p>\n\n\n\n<p class=\"wp-block-paragraph\">\u200bEspecialistas apontam que a participa\u00e7\u00e3o em torneios como a Copa Intercontinental e a pr\u00f3xima edi\u00e7\u00e3o expandida do Mundial de Clubes em 2029 \u00e9 fundamental para a estrat\u00e9gia de marca do Flamengo. O clube, que lidera o ranking de <em>valuation<\/em> do futebol brasileiro em 2025 com R$ 5,096 bilh\u00f5es, usa a exposi\u00e7\u00e3o internacional para fortalecer sua imagem, atrair patroc\u00ednios e expandir sua base de torcedores globalmente.<\/p>\n\n\n\n<p class=\"wp-block-paragraph\">\u200bA busca por mais um trof\u00e9u internacional e a oportunidade de enfrentar o campe\u00e3o europeu colocam o Flamengo no centro das aten\u00e7\u00f5es do futebol global, validando o poder e o alcance de sua marca que, a cada conquista, se espalha mais pelo planeta.<\/p>\n","protected":false},"excerpt":{"rendered":"<p>O Flamengo n\u00e3o apenas refor\u00e7a sua hegemonia no futebol sul-americano com o tetracampeonato da Libertadores, mas consolida a expans\u00e3o de sua &#8220;marca&#8221; no cen\u00e1rio mundial. [&#8230;]<\/p>\n","protected":false},"author":1,"featured_media":718,"comment_status":"closed","ping_status":"closed","sticky":false,"template":"","format":"standard","meta":{"_crdt_document":"","_jetpack_memberships_contains_paid_content":false,"footnotes":"","jetpack_publicize_message":"","jetpack_publicize_feature_enabled":true,"jetpack_social_post_already_shared":false,"jetpack_social_options":{"image_generator_settings":{"template":"highway","default_image_id":0,"font":"","enabled":false},"version":2}},"categories":[12],"tags":[],"class_list":["post-717","post","type-post","status-publish","format-standard","has-post-thumbnail","hentry","category-esporte"],"jetpack_publicize_connections":[],"jetpack_featured_media_url":"https:\/\/i0.wp.com\/oexpressobr.com.br\/wp-content\/uploads\/2025\/12\/IMG-20251215-WA0116.jpg?fit=750%2C500&ssl=1","jetpack_likes_enabled":true,"jetpack_sharing_enabled":true,"_links":{"self":[{"href":"https:\/\/oexpressobr.com.br\/index.php?rest_route=\/wp\/v2\/posts\/717","targetHints":{"allow":["GET"]}}],"collection":[{"href":"https:\/\/oexpressobr.com.br\/index.php?rest_route=\/wp\/v2\/posts"}],"about":[{"href":"https:\/\/oexpressobr.com.br\/index.php?rest_route=\/wp\/v2\/types\/post"}],"author":[{"embeddable":true,"href":"https:\/\/oexpressobr.com.br\/index.php?rest_route=\/wp\/v2\/users\/1"}],"replies":[{"embeddable":true,"href":"https:\/\/oexpressobr.com.br\/index.php?rest_route=%2Fwp%2Fv2%2Fcomments&post=717"}],"version-history":[{"count":1,"href":"https:\/\/oexpressobr.com.br\/index.php?rest_route=\/wp\/v2\/posts\/717\/revisions"}],"predecessor-version":[{"id":719,"href":"https:\/\/oexpressobr.com.br\/index.php?rest_route=\/wp\/v2\/posts\/717\/revisions\/719"}],"wp:featuredmedia":[{"embeddable":true,"href":"https:\/\/oexpressobr.com.br\/index.php?rest_route=\/wp\/v2\/media\/718"}],"wp:attachment":[{"href":"https:\/\/oexpressobr.com.br\/index.php?rest_route=%2Fwp%2Fv2%2Fmedia&parent=717"}],"wp:term":[{"taxonomy":"category","embeddable":true,"href":"https:\/\/oexpressobr.com.br\/index.php?rest_route=%2Fwp%2Fv2%2Fcategories&post=717"},{"taxonomy":"post_tag","embeddable":true,"href":"https:\/\/oexpressobr.com.br\/index.php?rest_route=%2Fwp%2Fv2%2Ftags&post=717"}],"curies":[{"name":"wp","href":"https:\/\/api.w.org\/{rel}","templated":true}]}}