{"id":727,"date":"2025-12-15T08:50:29","date_gmt":"2025-12-15T11:50:29","guid":{"rendered":"https:\/\/oexpressobr.com.br\/?p=727"},"modified":"2025-12-15T08:50:30","modified_gmt":"2025-12-15T11:50:30","slug":"sobreviventes-do-el-patronato-buscam-justica-e-reparacao-por-internacao-na-ditadura-de-franco","status":"publish","type":"post","link":"https:\/\/oexpressobr.com.br\/?p=727","title":{"rendered":"Sobreviventes do &#8216;El Patronato&#8217; Buscam Justi\u00e7a e Repara\u00e7\u00e3o por Interna\u00e7\u00e3o na Ditadura de Franco"},"content":{"rendered":"\n<p class=\"wp-block-paragraph\">D\u00e9cadas ap\u00f3s o fim da ditadura de Francisco Franco na Espanha, as vozes das mulheres que foram confinadas e submetidas a uma severa &#8220;reeduca\u00e7\u00e3o&#8221; moral no sistema conhecido como <strong>El Patronato de Protecci\u00f3n a la Mujer<\/strong> (Patronato de Prote\u00e7\u00e3o \u00e0 Mulher) ganham for\u00e7a em sua busca por justi\u00e7a, verdade e repara\u00e7\u00e3o.<\/p>\n\n\n\n<p class=\"wp-block-paragraph\">\u200bCriado oficialmente pelo regime em 1941 e ativo at\u00e9 1985 (dez anos ap\u00f3s a morte do ditador), o Patronato funcionava como uma rede de reformat\u00f3rios e conventos supervisionados por ordens religiosas femininas. O objetivo era impor os valores ultraconservadores e cat\u00f3licos do franquismo, ditando um papel restrito e submisso para a mulher na sociedade.<\/p>\n\n\n\n<h3 class=\"wp-block-heading\">\u200bO Crime: Interna\u00e7\u00e3o Por \u201cMau Comportamento\u201d<\/h3>\n\n\n\n<p class=\"wp-block-paragraph\">\u200bAs mulheres e jovens internadas \u2013 muitas vezes antes dos 25 anos \u2013 n\u00e3o eram criminosas. Seus &#8220;crimes&#8221; inclu\u00edam ser m\u00e3e solteira, ter atitudes consideradas &#8220;rebeldes&#8221; pelos pais, ter relacionamentos extraconjugais, ser l\u00e9sbica, ou simplesmente n\u00e3o se enquadrar no ideal de mulher cat\u00f3lica e dona de casa da \u00e9poca. O sistema tinha autoridade para deter e confinar essas mulheres, frequentemente ap\u00f3s den\u00fancias de familiares, vizinhos ou at\u00e9 padres.<\/p>\n\n\n\n<p class=\"wp-block-paragraph\">\u200bOs depoimentos das sobreviventes revelam um cen\u00e1rio de severa repress\u00e3o, humilha\u00e7\u00e3o e viol\u00eancia psicol\u00f3gica. O dia a dia era marcado por trabalho for\u00e7ado (fregar, limpar, rezar), disciplina r\u00edgida e uma nega\u00e7\u00e3o absoluta da sua sexualidade e individualidade. Algumas sobreviventes relatam ter sofrido choques de insulina, torturas e priva\u00e7\u00f5es, com o intuito de for\u00e7\u00e1-las a &#8220;confessar&#8221; seus erros e aceitar a submiss\u00e3o. A historiografia aponta que o Patronato foi a &#8220;burocratiza\u00e7\u00e3o da morte moral da mulher&#8221; e um dos mecanismos de repress\u00e3o mis\u00f3gina mais longevos do Franquismo.<\/p>\n\n\n\n<h3 class=\"wp-block-heading\">\u200bA Busca por Verdade e Repara\u00e7\u00e3o<\/h3>\n\n\n\n<p class=\"wp-block-paragraph\">\u200bNos \u00faltimos anos, com o ressurgimento da discuss\u00e3o sobre o legado do franquismo, o movimento das sobreviventes do Patronato tem se intensificado na Espanha. Muitas delas, que guardaram a vergonha e o trauma por d\u00e9cadas, agora lutam pelo reconhecimento de que foram <strong>v\u00edtimas da ditadura franquista<\/strong>.<\/p>\n\n\n\n<p class=\"wp-block-paragraph\">\u200bAs \u00faltimas not\u00edcias e manifesta\u00e7\u00f5es de sobreviventes, como Mariona e outras, mostram que a Igreja Cat\u00f3lica na Espanha tem sido pressionada a pedir perd\u00e3o pelo seu papel na gest\u00e3o desses centros. Houve relatos de que, em eventos recentes, membros da Igreja pediram perd\u00e3o de forma que as sobreviventes classificaram como &#8220;entrevelado&#8221;, &#8220;sem sentimento&#8221; ou como uma &#8220;justifica\u00e7\u00e3o&#8221;, o que gerou explos\u00f5es de indigna\u00e7\u00e3o entre as mulheres. Para muitas, o perd\u00e3o n\u00e3o \u00e9 suficiente sem <strong>verdade, justi\u00e7a e repara\u00e7\u00e3o<\/strong>.<\/p>\n\n\n\n<p class=\"wp-block-paragraph\">\u200bA luta por esse reconhecimento tem ganhado destaque no contexto da <strong>Lei da Mem\u00f3ria Democr\u00e1tica<\/strong> espanhola, que busca abordar o legado do regime de Franco, incluindo a anula\u00e7\u00e3o de senten\u00e7as sum\u00e1rias e o apoio \u00e0 pesquisa hist\u00f3rica. No entanto, muitas sobreviventes ainda se sentem envergonhadas e exigem um pedido de desculpas nacional e um reconhecimento oficial do Estado para o sofrimento que enfrentaram.<\/p>\n\n\n\n<p class=\"wp-block-paragraph\">\u200bA mem\u00f3ria do Patronato, que controlou a vida de dezenas de milhares de mulheres na Espanha, \u00e9 um cap\u00edtulo doloroso da hist\u00f3ria, e o clamor das sobreviventes por n\u00e3o serem esquecidas \u00e9 um alerta crucial sobre o papel das institui\u00e7\u00f5es em regimes autorit\u00e1rios.<\/p>\n","protected":false},"excerpt":{"rendered":"<p>D\u00e9cadas ap\u00f3s o fim da ditadura de Francisco Franco na Espanha, as vozes das mulheres que foram confinadas e submetidas a uma severa &#8220;reeduca\u00e7\u00e3o&#8221; moral [&#8230;]<\/p>\n","protected":false},"author":1,"featured_media":728,"comment_status":"closed","ping_status":"closed","sticky":false,"template":"","format":"standard","meta":{"_crdt_document":"","_jetpack_memberships_contains_paid_content":false,"footnotes":"","jetpack_publicize_message":"","jetpack_publicize_feature_enabled":true,"jetpack_social_post_already_shared":false,"jetpack_social_options":{"image_generator_settings":{"template":"highway","default_image_id":0,"font":"","enabled":false},"version":2}},"categories":[15],"tags":[],"class_list":["post-727","post","type-post","status-publish","format-standard","has-post-thumbnail","hentry","category-internacional"],"jetpack_publicize_connections":[],"jetpack_featured_media_url":"https:\/\/i0.wp.com\/oexpressobr.com.br\/wp-content\/uploads\/2025\/12\/a4f63340-c5bb-11f0-964b-87c9220e320a.jpg.webp?fit=800%2C449&ssl=1","jetpack_likes_enabled":true,"jetpack_sharing_enabled":true,"_links":{"self":[{"href":"https:\/\/oexpressobr.com.br\/index.php?rest_route=\/wp\/v2\/posts\/727","targetHints":{"allow":["GET"]}}],"collection":[{"href":"https:\/\/oexpressobr.com.br\/index.php?rest_route=\/wp\/v2\/posts"}],"about":[{"href":"https:\/\/oexpressobr.com.br\/index.php?rest_route=\/wp\/v2\/types\/post"}],"author":[{"embeddable":true,"href":"https:\/\/oexpressobr.com.br\/index.php?rest_route=\/wp\/v2\/users\/1"}],"replies":[{"embeddable":true,"href":"https:\/\/oexpressobr.com.br\/index.php?rest_route=%2Fwp%2Fv2%2Fcomments&post=727"}],"version-history":[{"count":1,"href":"https:\/\/oexpressobr.com.br\/index.php?rest_route=\/wp\/v2\/posts\/727\/revisions"}],"predecessor-version":[{"id":729,"href":"https:\/\/oexpressobr.com.br\/index.php?rest_route=\/wp\/v2\/posts\/727\/revisions\/729"}],"wp:featuredmedia":[{"embeddable":true,"href":"https:\/\/oexpressobr.com.br\/index.php?rest_route=\/wp\/v2\/media\/728"}],"wp:attachment":[{"href":"https:\/\/oexpressobr.com.br\/index.php?rest_route=%2Fwp%2Fv2%2Fmedia&parent=727"}],"wp:term":[{"taxonomy":"category","embeddable":true,"href":"https:\/\/oexpressobr.com.br\/index.php?rest_route=%2Fwp%2Fv2%2Fcategories&post=727"},{"taxonomy":"post_tag","embeddable":true,"href":"https:\/\/oexpressobr.com.br\/index.php?rest_route=%2Fwp%2Fv2%2Ftags&post=727"}],"curies":[{"name":"wp","href":"https:\/\/api.w.org\/{rel}","templated":true}]}}