{"id":732,"date":"2025-12-15T08:57:07","date_gmt":"2025-12-15T11:57:07","guid":{"rendered":"https:\/\/oexpressobr.com.br\/?p=732"},"modified":"2025-12-15T08:57:09","modified_gmt":"2025-12-15T11:57:09","slug":"analistas-americano-a-veem-ruptura-com-a-familia-bolsonaro","status":"publish","type":"post","link":"https:\/\/oexpressobr.com.br\/?p=732","title":{"rendered":"Analistas Americano a Veem Ruptura com a Fam\u00edlia Bolsonaro"},"content":{"rendered":"\n<p class=\"wp-block-paragraph\">\u200bA decis\u00e3o do governo do presidente dos Estados Unidos, Donald Trump, de revogar as san\u00e7\u00f5es impostas ao ministro do Supremo Tribunal Federal (STF), <strong>Alexandre de Moraes<\/strong>, e sua esposa, <strong>Viviane Barci de Moraes<\/strong>, sob a Lei Global Magnitsky, representa uma &#8220;virada&#8221; na avalia\u00e7\u00e3o de especialistas e sinaliza um isolamento da fam\u00edlia Bolsonaro. A revoga\u00e7\u00e3o, anunciada na \u00faltima sexta-feira (12\/12\/2025), derruba todas as restri\u00e7\u00f5es financeiras e territoriais impostas ao magistrado brasileiro e \u00e0 empresa da fam\u00edlia.<\/p>\n\n\n\n<p class=\"wp-block-paragraph\">\u200bO analista americano <strong>Brian Winter<\/strong>, em entrevista \u00e0 BBC News Brasil, classificou o movimento como um sinal de que Trump decidiu, &#8220;por enquanto, <strong>n\u00e3o tem como ajudar a fam\u00edlia Bolsonaro<\/strong>&#8220;. Para Winter, &#8220;Trump est\u00e1 deixando a fam\u00edlia Bolsonaro \u00e0 deriva&#8221;. A san\u00e7\u00e3o original, aplicada em julho do mesmo ano, foi resultado de um intenso <em>lobby<\/em> de setores ligados ao ex-presidente <strong>Jair Bolsonaro<\/strong>, como o deputado federal <strong>Eduardo Bolsonaro<\/strong>, que defendia uma retalia\u00e7\u00e3o \u00e0s decis\u00f5es do STF contra o pai.<\/p>\n\n\n\n<h3 class=\"wp-block-heading\">\u200bRecuo Americano e Isolamento Bolsonarista<\/h3>\n\n\n\n<p class=\"wp-block-paragraph\">\u200bA retirada das san\u00e7\u00f5es \u00e9 interpretada pela m\u00eddia internacional e por analistas como um sinal de <strong>reaproxima\u00e7\u00e3o entre Washington e Bras\u00edlia<\/strong>, especialmente ap\u00f3s o endurecimento das rela\u00e7\u00f5es causado pela postura do governo Trump em rela\u00e7\u00e3o ao Judici\u00e1rio brasileiro e a imposi\u00e7\u00e3o de tarifas sobre produtos brasileiros. Ve\u00edculos como <em>The New York Times<\/em> e <em>Washington Post<\/em> interpretaram a medida como um <strong>rev\u00e9s para Bolsonaro<\/strong> e um &#8220;recuo&#8221; na campanha de press\u00e3o americana.<\/p>\n\n\n\n<p class=\"wp-block-paragraph\">\u200bO contexto da revoga\u00e7\u00e3o acontece em meio a:<\/p>\n\n\n\n<ul class=\"wp-block-list\">\n<li>\u200b<strong>Aproxima\u00e7\u00e3o de Trump e Lula:<\/strong> O presidente Luiz In\u00e1cio Lula da Silva se manifestou contra as san\u00e7\u00f5es desde o in\u00edcio e a medida americana \u00e9 vista como um gesto em dire\u00e7\u00e3o ao governo brasileiro. O pr\u00f3prio Lula celebrou a retirada das san\u00e7\u00f5es como uma &#8220;vit\u00f3ria da democracia&#8221;.<\/li>\n\n\n\n<li>\u200b<strong>Cr\u00edticas \u00e0 estrat\u00e9gia de <\/strong><em><strong>lobby<\/strong><\/em><strong>:<\/strong> A a\u00e7\u00e3o de Eduardo Bolsonaro nos EUA foi criticada inclusive por aliados, e a revoga\u00e7\u00e3o da Magnitsky \u00e9 vista como o &#8220;fracasso bolsonarista da &#8216;Opera\u00e7\u00e3o Eduardo'&#8221;. O deputado expressou &#8220;pesar&#8221; pela not\u00edcia.<\/li>\n\n\n\n<li>\u200b<strong>Fim das restri\u00e7\u00f5es:<\/strong> Com a exclus\u00e3o do nome de Moraes e de sua esposa do rol de sancionados, deixam de valer o bloqueio de bens e contas banc\u00e1rias nos EUA e a proibi\u00e7\u00e3o de entrada no pa\u00eds \u2013 restri\u00e7\u00f5es que, segundo a Ag\u00eancia Brasil, tiveram &#8220;impacto reduzido&#8221; na pr\u00e1tica, j\u00e1 que o ministro n\u00e3o possu\u00eda bens nem costume de viajar aos Estados Unidos.<\/li>\n\n\n\n<li>\u200b<strong>Vit\u00f3ria Institucional no Brasil:<\/strong> O ministro Alexandre de Moraes agradeceu e disse que a &#8220;verdade prevaleceu&#8221;, avaliando que o pa\u00eds d\u00e1 &#8220;exemplo de democracia e for\u00e7a institucional&#8221;.<\/li>\n<\/ul>\n\n\n\n<p class=\"wp-block-paragraph\">\u200bA Lei Magnitsky \u00e9 um dispositivo legal que visa punir indiv\u00edduos envolvidos em graves viola\u00e7\u00f5es de direitos humanos ou corrup\u00e7\u00e3o, e sua aplica\u00e7\u00e3o a um membro do Poder Judici\u00e1rio brasileiro j\u00e1 havia sido in\u00e9dita. A revoga\u00e7\u00e3o das san\u00e7\u00f5es, portanto, encerra um cap\u00edtulo de press\u00e3o externa que buscou influenciar o cen\u00e1rio pol\u00edtico e judicial do Brasil, e aponta para uma redefini\u00e7\u00e3o na rela\u00e7\u00e3o entre o ex-presidente americano e seus antigos aliados brasileiros.<\/p>\n","protected":false},"excerpt":{"rendered":"<p>\u200bA decis\u00e3o do governo do presidente dos Estados Unidos, Donald Trump, de revogar as san\u00e7\u00f5es impostas ao ministro do Supremo Tribunal Federal (STF), Alexandre de [&#8230;]<\/p>\n","protected":false},"author":1,"featured_media":733,"comment_status":"closed","ping_status":"closed","sticky":false,"template":"","format":"standard","meta":{"_crdt_document":"","_jetpack_memberships_contains_paid_content":false,"footnotes":"","jetpack_publicize_message":"","jetpack_publicize_feature_enabled":true,"jetpack_social_post_already_shared":false,"jetpack_social_options":{"image_generator_settings":{"template":"highway","default_image_id":0,"font":"","enabled":false},"version":2}},"categories":[15],"tags":[],"class_list":["post-732","post","type-post","status-publish","format-standard","has-post-thumbnail","hentry","category-internacional"],"jetpack_publicize_connections":[],"jetpack_featured_media_url":"https:\/\/i0.wp.com\/oexpressobr.com.br\/wp-content\/uploads\/2025\/12\/d6120710-d795-11f0-a8dc-93c15fe68710.jpg.webp?fit=800%2C533&ssl=1","jetpack_likes_enabled":true,"jetpack_sharing_enabled":true,"_links":{"self":[{"href":"https:\/\/oexpressobr.com.br\/index.php?rest_route=\/wp\/v2\/posts\/732","targetHints":{"allow":["GET"]}}],"collection":[{"href":"https:\/\/oexpressobr.com.br\/index.php?rest_route=\/wp\/v2\/posts"}],"about":[{"href":"https:\/\/oexpressobr.com.br\/index.php?rest_route=\/wp\/v2\/types\/post"}],"author":[{"embeddable":true,"href":"https:\/\/oexpressobr.com.br\/index.php?rest_route=\/wp\/v2\/users\/1"}],"replies":[{"embeddable":true,"href":"https:\/\/oexpressobr.com.br\/index.php?rest_route=%2Fwp%2Fv2%2Fcomments&post=732"}],"version-history":[{"count":1,"href":"https:\/\/oexpressobr.com.br\/index.php?rest_route=\/wp\/v2\/posts\/732\/revisions"}],"predecessor-version":[{"id":734,"href":"https:\/\/oexpressobr.com.br\/index.php?rest_route=\/wp\/v2\/posts\/732\/revisions\/734"}],"wp:featuredmedia":[{"embeddable":true,"href":"https:\/\/oexpressobr.com.br\/index.php?rest_route=\/wp\/v2\/media\/733"}],"wp:attachment":[{"href":"https:\/\/oexpressobr.com.br\/index.php?rest_route=%2Fwp%2Fv2%2Fmedia&parent=732"}],"wp:term":[{"taxonomy":"category","embeddable":true,"href":"https:\/\/oexpressobr.com.br\/index.php?rest_route=%2Fwp%2Fv2%2Fcategories&post=732"},{"taxonomy":"post_tag","embeddable":true,"href":"https:\/\/oexpressobr.com.br\/index.php?rest_route=%2Fwp%2Fv2%2Ftags&post=732"}],"curies":[{"name":"wp","href":"https:\/\/api.w.org\/{rel}","templated":true}]}}