{"id":735,"date":"2025-12-15T09:03:43","date_gmt":"2025-12-15T12:03:43","guid":{"rendered":"https:\/\/oexpressobr.com.br\/?p=735"},"modified":"2025-12-15T09:03:45","modified_gmt":"2025-12-15T12:03:45","slug":"jose-antonio-kast-vence-jeannette-jara-e-a-direita-retoma-o-poder-no-chile","status":"publish","type":"post","link":"https:\/\/oexpressobr.com.br\/?p=735","title":{"rendered":"Jos\u00e9 Antonio Kast Vence Jeannette Jara e A Direita Retoma O Poder No Chile"},"content":{"rendered":"\n<p class=\"wp-block-paragraph\">\u200bO Chile deu uma guinada \u00e0 direita com a elei\u00e7\u00e3o do advogado e l\u00edder de extrema-direita <strong>Jos\u00e9 Antonio Kast<\/strong> como seu novo presidente neste domingo, 14 de dezembro de 2025. O candidato do Partido Republicano obteve uma <strong>vit\u00f3ria acachapante<\/strong> sobre sua oponente, a comunista Jeannette Jara, confirmando o favoritismo que carregou durante o segundo turno.<\/p>\n\n\n\n<p class=\"wp-block-paragraph\">\u200bCom 99% das urnas apuradas, Kast alcan\u00e7ou <strong>58,2% dos votos<\/strong>, contra 41,8% da candidata governista. A diferen\u00e7a surpreendeu, especialmente porque Jara, do Partido Comunista, havia sido a mais votada no primeiro turno no m\u00eas passado. O resultado coloca fim a quatro anos de governo de esquerda sob Gabriel Boric e marca o retorno da direita ao Pal\u00e1cio La Moneda.<\/p>\n\n\n\n<h3 class=\"wp-block-heading\">\u200bPromessas de Linha Dura e Impacto Regional<\/h3>\n\n\n\n<p class=\"wp-block-paragraph\">\u200bA vit\u00f3ria de Kast, em sua terceira tentativa de chegar \u00e0 presid\u00eancia, foi impulsionada por um forte sentimento de <strong>descontentamento e medo<\/strong> da popula\u00e7\u00e3o chilena em rela\u00e7\u00e3o ao crime e \u00e0 imigra\u00e7\u00e3o irregular. Suas principais promessas de campanha ecoam essa insatisfa\u00e7\u00e3o e prometem uma mudan\u00e7a radical na pol\u00edtica chilena:<\/p>\n\n\n\n<ul class=\"wp-block-list\">\n<li>\u200b<strong>Linha dura contra o crime:<\/strong> Prometendo maior seguran\u00e7a e ordem.<\/li>\n\n\n\n<li>\u200b<strong>Combate \u00e0 imigra\u00e7\u00e3o ilegal:<\/strong> Incluindo a promessa de deportar cerca de 340 mil imigrantes irregulares, em sua maioria venezuelanos, e construir muros na fronteira.<\/li>\n\n\n\n<li>\u200b<strong>Cortes nos gastos p\u00fablicos:<\/strong> Sua plataforma econ\u00f4mica \u00e9 vigorosamente pr\u00f3-mercado, propondo desburocratiza\u00e7\u00e3o, redu\u00e7\u00e3o de impostos corporativos e corte de gastos em US$ 6 bilh\u00f5es (cerca de 7% do or\u00e7amento anual) nos primeiros 18 meses de governo, sem tocar na previd\u00eancia.<\/li>\n<\/ul>\n\n\n\n<p class=\"wp-block-paragraph\">\u200bKast, um <strong>admirador assumido do ditador Augusto Pinochet<\/strong>, \u00e9 considerado o governante mais \u00e0 direita a presidir o Chile desde a ditadura.<\/p>\n\n\n\n<h3 class=\"wp-block-heading\">\u200bRepercuss\u00e3o e Desafios de Governan\u00e7a<\/h3>\n\n\n\n<p class=\"wp-block-paragraph\">\u200bA candidata derrotada, Jeannette Jara, reconheceu prontamente o resultado. &#8220;A democracia falou com for\u00e7a e clareza. Eu acabei de comunicar com o presidente eleito Jos\u00e9 Antonio Kast para desejar o sucesso do bem do Chile\u201d, declarou em suas redes sociais.<\/p>\n\n\n\n<p class=\"wp-block-paragraph\">\u200bA vit\u00f3ria de Kast se insere em um contexto de <strong>guinada \u00e0 direita na Am\u00e9rica Latina<\/strong>, juntando-se a l\u00edderes como Daniel Noboa (Equador) e Javier Milei (Argentina). O presidente brasileiro, Luiz In\u00e1cio Lula da Silva, parabenizou Kast pela elei\u00e7\u00e3o, desejando-lhe \u00eaxito e prometendo fortalecer as rela\u00e7\u00f5es bilaterais e a integra\u00e7\u00e3o regional.<\/p>\n\n\n\n<p class=\"wp-block-paragraph\">\u200bApesar da ampla vit\u00f3ria nas urnas, Kast, que assume em mar\u00e7o do pr\u00f3ximo ano, enfrentar\u00e1 desafios significativos:<\/p>\n\n\n\n<ul class=\"wp-block-list\">\n<li>\u200b<strong>Congresso Fragmentado:<\/strong> O novo presidente n\u00e3o ter\u00e1 maioria no Congresso chileno, o que exigir\u00e1 constantes negocia\u00e7\u00f5es para a aprova\u00e7\u00e3o de reformas.<\/li>\n\n\n\n<li>\u200b<strong>Economia:<\/strong> A necessidade de reconstruir a confian\u00e7a econ\u00f4mica e lidar com a press\u00e3o social por servi\u00e7os p\u00fablicos.<\/li>\n\n\n\n<li>\u200b<strong>Seguran\u00e7a e Imigra\u00e7\u00e3o:<\/strong> Implementar suas pol\u00edticas de &#8220;linha dura&#8221; sem gerar tens\u00f5es pol\u00edticas e institucionais.<\/li>\n<\/ul>\n\n\n\n<p class=\"wp-block-paragraph\">\u200bEm seu discurso de vit\u00f3ria, Kast prometeu um governo de unidade, declarando: &#8220;Esta n\u00e3o \u00e9 uma vit\u00f3ria pessoal, n\u00e3o pertence a Jos\u00e9 Antonio Kast. N\u00e3o pertence a um partido do qual me orgulho. Aqui, o Chile venceu, e com ele a esperan\u00e7a de viver sem medo\u201d.<\/p>\n","protected":false},"excerpt":{"rendered":"<p>\u200bO Chile deu uma guinada \u00e0 direita com a elei\u00e7\u00e3o do advogado e l\u00edder de extrema-direita Jos\u00e9 Antonio Kast como seu novo presidente neste domingo, [&#8230;]<\/p>\n","protected":false},"author":1,"featured_media":736,"comment_status":"closed","ping_status":"closed","sticky":false,"template":"","format":"standard","meta":{"_crdt_document":"","_jetpack_memberships_contains_paid_content":false,"footnotes":"","jetpack_publicize_message":"","jetpack_publicize_feature_enabled":true,"jetpack_social_post_already_shared":false,"jetpack_social_options":{"image_generator_settings":{"template":"highway","default_image_id":0,"font":"","enabled":false},"version":2}},"categories":[15],"tags":[],"class_list":["post-735","post","type-post","status-publish","format-standard","has-post-thumbnail","hentry","category-internacional"],"jetpack_publicize_connections":[],"jetpack_featured_media_url":"https:\/\/i0.wp.com\/oexpressobr.com.br\/wp-content\/uploads\/2025\/12\/IMG-20251215-WA0129.jpg?fit=1080%2C1080&ssl=1","jetpack_likes_enabled":true,"jetpack_sharing_enabled":true,"_links":{"self":[{"href":"https:\/\/oexpressobr.com.br\/index.php?rest_route=\/wp\/v2\/posts\/735","targetHints":{"allow":["GET"]}}],"collection":[{"href":"https:\/\/oexpressobr.com.br\/index.php?rest_route=\/wp\/v2\/posts"}],"about":[{"href":"https:\/\/oexpressobr.com.br\/index.php?rest_route=\/wp\/v2\/types\/post"}],"author":[{"embeddable":true,"href":"https:\/\/oexpressobr.com.br\/index.php?rest_route=\/wp\/v2\/users\/1"}],"replies":[{"embeddable":true,"href":"https:\/\/oexpressobr.com.br\/index.php?rest_route=%2Fwp%2Fv2%2Fcomments&post=735"}],"version-history":[{"count":1,"href":"https:\/\/oexpressobr.com.br\/index.php?rest_route=\/wp\/v2\/posts\/735\/revisions"}],"predecessor-version":[{"id":737,"href":"https:\/\/oexpressobr.com.br\/index.php?rest_route=\/wp\/v2\/posts\/735\/revisions\/737"}],"wp:featuredmedia":[{"embeddable":true,"href":"https:\/\/oexpressobr.com.br\/index.php?rest_route=\/wp\/v2\/media\/736"}],"wp:attachment":[{"href":"https:\/\/oexpressobr.com.br\/index.php?rest_route=%2Fwp%2Fv2%2Fmedia&parent=735"}],"wp:term":[{"taxonomy":"category","embeddable":true,"href":"https:\/\/oexpressobr.com.br\/index.php?rest_route=%2Fwp%2Fv2%2Fcategories&post=735"},{"taxonomy":"post_tag","embeddable":true,"href":"https:\/\/oexpressobr.com.br\/index.php?rest_route=%2Fwp%2Fv2%2Ftags&post=735"}],"curies":[{"name":"wp","href":"https:\/\/api.w.org\/{rel}","templated":true}]}}