{"id":746,"date":"2025-12-15T19:43:54","date_gmt":"2025-12-15T22:43:54","guid":{"rendered":"https:\/\/oexpressobr.com.br\/?p=746"},"modified":"2025-12-15T19:43:56","modified_gmt":"2025-12-15T22:43:56","slug":"will-amaro-transforma-convite-para-livro-infantil-em-jornada-de-autoconhecimento","status":"publish","type":"post","link":"https:\/\/oexpressobr.com.br\/?p=746","title":{"rendered":"Will Amaro transforma convite para livro infantil em jornada de autoconhecimento"},"content":{"rendered":"\n<p class=\"wp-block-paragraph\">O ilustrador curitibano <strong>Will Amaro<\/strong> iniciou uma inesperada jornada de autoconhecimento ap\u00f3s aceitar o desafio de ilustrar um livro infantil. O convite, inicialmente focado em seu talento art\u00edstico, tornou-se um catalisador para a explora\u00e7\u00e3o de suas pr\u00f3prias experi\u00eancias e sentimentos, resultando em um trabalho que promete ir al\u00e9m das p\u00e1ginas do livro.<\/p>\n\n\n\n<p class=\"wp-block-paragraph\">\u200bO artista, conhecido por seu estilo expressivo e detalhista, viu no projeto uma oportunidade de revisitar temas de sua inf\u00e2ncia e adolesc\u00eancia. A ilustra\u00e7\u00e3o para o universo infantil exigiu de Amaro uma sensibilidade diferente, for\u00e7ando-o a se conectar com a pureza e a complexidade das emo\u00e7\u00f5es prim\u00e1rias.<\/p>\n\n\n\n<blockquote class=\"wp-block-quote is-layout-flow wp-block-quote-is-layout-flow\">\n<p class=\"wp-block-paragraph\">\u200b&#8221;Ilustrar para crian\u00e7as \u00e9 um espelho. Tive que mergulhar nas minhas pr\u00f3prias lembran\u00e7as de quando era crian\u00e7a para dar vida aos personagens e cen\u00e1rios de forma aut\u00eantica,&#8221; revelou Will Amaro em entrevista recente.<\/p>\n<\/blockquote>\n\n\n\n<h3 class=\"wp-block-heading\">\u200b A Conex\u00e3o Pessoal com a Narrativa<\/h3>\n\n\n\n<p class=\"wp-block-paragraph\">\u200bO livro em quest\u00e3o, que ainda n\u00e3o teve seu t\u00edtulo ou data de lan\u00e7amento completamente detalhados, aborda, segundo fontes pr\u00f3ximas ao projeto, temas como <strong>diversidade, aceita\u00e7\u00e3o e a import\u00e2ncia da imagina\u00e7\u00e3o<\/strong>. Amaro teria se identificado profundamente com a narrativa, o que intensificou o processo criativo e pessoal.<\/p>\n\n\n\n<ul class=\"wp-block-list\">\n<li>\u200b<strong>Identifica\u00e7\u00e3o:<\/strong> Os tra\u00e7os de Amaro ganharam uma profundidade emocional, refletindo a redescoberta de sua pr\u00f3pria hist\u00f3ria.<\/li>\n\n\n\n<li>\u200b<strong>Processo:<\/strong> A jornada envolveu workshops de escrita criativa e sess\u00f5es de terapia art\u00edstica, elementos que complementaram o trabalho puramente t\u00e9cnico de ilustra\u00e7\u00e3o.<\/li>\n\n\n\n<li>\u200b<strong>Repercuss\u00e3o:<\/strong> A editora respons\u00e1vel pelo projeto (cujo nome n\u00e3o foi divulgado na fonte original) j\u00e1 sinaliza que o trabalho final ter\u00e1 um impacto significativo, n\u00e3o apenas pelo texto, mas pela for\u00e7a visual das ilustra\u00e7\u00f5es.<\/li>\n<\/ul>\n\n\n\n<h3 class=\"wp-block-heading\">\u200bNovidades do Cen\u00e1rio Art\u00edstico em Curitiba<\/h3>\n\n\n\n<p class=\"wp-block-paragraph\">\u200bO trabalho de Will Amaro se insere em um momento efervescente para os ilustradores de Curitiba. A capital paranaense tem se consolidado como um <strong>polo de arte digital e ilustra\u00e7\u00e3o<\/strong>, com v\u00e1rios artistas locais ganhando destaque em feiras nacionais e internacionais.<\/p>\n\n\n\n<ul class=\"wp-block-list\">\n<li>\u200bRecentemente, a <strong>Bienal de Ilustra\u00e7\u00e3o Paranaense<\/strong> registrou recorde de inscritos, com \u00eanfase em narrativas visuais que abordam temas sociais e emocionais.<\/li>\n\n\n\n<li>\u200bO mercado editorial infantil brasileiro, por sua vez, tem investido cada vez mais em ilustradores que trazem uma <strong>assinatura autoral forte<\/strong>, como a de Amaro.<\/li>\n<\/ul>\n\n\n\n<p class=\"wp-block-paragraph\">\u200bA expectativa \u00e9 que a obra ilustrada por Will Amaro chegue ao p\u00fablico nos pr\u00f3ximos meses, marcando n\u00e3o apenas o lan\u00e7amento de um novo livro, mas a celebra\u00e7\u00e3o de uma profunda transforma\u00e7\u00e3o pessoal do artista.<\/p>\n","protected":false},"excerpt":{"rendered":"<p>O ilustrador curitibano Will Amaro iniciou uma inesperada jornada de autoconhecimento ap\u00f3s aceitar o desafio de ilustrar um livro infantil. O convite, inicialmente focado em [&#8230;]<\/p>\n","protected":false},"author":1,"featured_media":747,"comment_status":"closed","ping_status":"closed","sticky":false,"template":"","format":"standard","meta":{"_crdt_document":"","_jetpack_memberships_contains_paid_content":false,"footnotes":"","jetpack_publicize_message":"","jetpack_publicize_feature_enabled":true,"jetpack_social_post_already_shared":false,"jetpack_social_options":{"image_generator_settings":{"template":"highway","default_image_id":0,"font":"","enabled":false},"version":2}},"categories":[5],"tags":[],"class_list":["post-746","post","type-post","status-publish","format-standard","has-post-thumbnail","hentry","category-parana"],"jetpack_publicize_connections":[],"jetpack_featured_media_url":"https:\/\/i0.wp.com\/oexpressobr.com.br\/wp-content\/uploads\/2025\/12\/whatsapp-image-2025-12-02-at-17.49.07.jpeg?fit=984%2C438&ssl=1","jetpack_likes_enabled":true,"jetpack_sharing_enabled":true,"_links":{"self":[{"href":"https:\/\/oexpressobr.com.br\/index.php?rest_route=\/wp\/v2\/posts\/746","targetHints":{"allow":["GET"]}}],"collection":[{"href":"https:\/\/oexpressobr.com.br\/index.php?rest_route=\/wp\/v2\/posts"}],"about":[{"href":"https:\/\/oexpressobr.com.br\/index.php?rest_route=\/wp\/v2\/types\/post"}],"author":[{"embeddable":true,"href":"https:\/\/oexpressobr.com.br\/index.php?rest_route=\/wp\/v2\/users\/1"}],"replies":[{"embeddable":true,"href":"https:\/\/oexpressobr.com.br\/index.php?rest_route=%2Fwp%2Fv2%2Fcomments&post=746"}],"version-history":[{"count":1,"href":"https:\/\/oexpressobr.com.br\/index.php?rest_route=\/wp\/v2\/posts\/746\/revisions"}],"predecessor-version":[{"id":748,"href":"https:\/\/oexpressobr.com.br\/index.php?rest_route=\/wp\/v2\/posts\/746\/revisions\/748"}],"wp:featuredmedia":[{"embeddable":true,"href":"https:\/\/oexpressobr.com.br\/index.php?rest_route=\/wp\/v2\/media\/747"}],"wp:attachment":[{"href":"https:\/\/oexpressobr.com.br\/index.php?rest_route=%2Fwp%2Fv2%2Fmedia&parent=746"}],"wp:term":[{"taxonomy":"category","embeddable":true,"href":"https:\/\/oexpressobr.com.br\/index.php?rest_route=%2Fwp%2Fv2%2Fcategories&post=746"},{"taxonomy":"post_tag","embeddable":true,"href":"https:\/\/oexpressobr.com.br\/index.php?rest_route=%2Fwp%2Fv2%2Ftags&post=746"}],"curies":[{"name":"wp","href":"https:\/\/api.w.org\/{rel}","templated":true}]}}