{"id":752,"date":"2025-12-15T19:57:11","date_gmt":"2025-12-15T22:57:11","guid":{"rendered":"https:\/\/oexpressobr.com.br\/?p=752"},"modified":"2025-12-15T19:57:14","modified_gmt":"2025-12-15T22:57:14","slug":"requiao-filho-avanca-em-pesquisa-e-se-consolida-como-principal-adversario-de-sergio-moro-na-disputa-pelo-governo-do-parana-em-2026","status":"publish","type":"post","link":"https:\/\/oexpressobr.com.br\/?p=752","title":{"rendered":"Requi\u00e3o Filho avan\u00e7a em pesquisa e se consolida como principal advers\u00e1rio de Sergio Moro na disputa pelo governo do Paran\u00e1 em 2026"},"content":{"rendered":"\n<p class=\"wp-block-paragraph\">Uma <strong>nova pesquisa<\/strong> de inten\u00e7\u00e3o de voto, divulgada nesta segunda-feira (15) pelo Instituto Opini\u00e3o, agitou o cen\u00e1rio eleitoral paranaense ao mostrar o deputado estadual <strong>Requi\u00e3o Filho (PDT)<\/strong> com <strong>29%<\/strong> das inten\u00e7\u00f5es para a elei\u00e7\u00e3o ao Governo do Paran\u00e1 em 2026. O resultado confirma a tend\u00eancia de crescimento do parlamentar, que vem <strong>reduzindo a diferen\u00e7a<\/strong> em rela\u00e7\u00e3o ao primeiro colocado e se solidificando como o nome mais forte para polarizar a disputa.<\/p>\n\n\n\n<p class=\"wp-block-paragraph\">\u200bA ascens\u00e3o de Requi\u00e3o Filho, que j\u00e1 aparece consistentemente entre os mais relevantes nas sondagens, indica um <strong>interesse crescente do eleitorado paranaense<\/strong> em construir uma alternativa de longo prazo. O deputado, que recentemente <strong>assumiu a presid\u00eancia do PDT no estado<\/strong>, defende a necessidade de um planejamento focado no futuro do Paran\u00e1, superando um modelo de governo que, segundo ele, se preocupa mais com propaganda do que com melhorias concretas no dia a dia da popula\u00e7\u00e3o.<\/p>\n\n\n\n<blockquote class=\"wp-block-quote is-layout-flow wp-block-quote-is-layout-flow\">\n<p class=\"wp-block-paragraph\">\u200b\u201cAs pessoas est\u00e3o cansadas de discursos vazios e sem resultados efetivos no seu dia a dia. Passou da hora de o Paran\u00e1 se preocupar com o amanh\u00e3 dos nossos filhos, trazendo melhorias para a sa\u00fade em todo o estado, para a educa\u00e7\u00e3o que promove o desenvolvimento e a seguran\u00e7a que permite pais e m\u00e3es de fam\u00edlia voltarem bem para casa depois do trabalho. Temos que pensar na pol\u00edtica que melhora o agora, mas tamb\u00e9m se preocupa com o que estamos construindo\u201d, destacou Requi\u00e3o Filho, refor\u00e7ando sua pauta social e de desenvolvimento.<\/p>\n<\/blockquote>\n\n\n\n<h3 class=\"wp-block-heading\">\u200bPolariza\u00e7\u00e3o e Desafios<\/h3>\n\n\n\n<p class=\"wp-block-paragraph\">\u200bO movimento das pesquisas, incluindo levantamentos anteriores, sugere uma <strong>polariza\u00e7\u00e3o da disputa<\/strong> entre Requi\u00e3o Filho e o senador <strong>Sergio Moro (Uni\u00e3o Brasil)<\/strong>.<\/p>\n\n\n\n<p class=\"wp-block-paragraph\">\u200bEm pesquisas divulgadas no m\u00eas anterior, de novembro, pelo Instituto Paran\u00e1 Pesquisas, o senador Moro aparecia em primeiro, com percentuais variando entre 42,8% e 47,5% em diferentes cen\u00e1rios, enquanto Requi\u00e3o Filho se consolidava na segunda posi\u00e7\u00e3o, com inten\u00e7\u00f5es de voto de 27,5% a 28,8%. O novo patamar de 29% alcan\u00e7ado na pesquisa do Instituto Opini\u00e3o sinaliza que a diferen\u00e7a entre os dois principais nomes est\u00e1 <strong>encurtando de forma significativa<\/strong>.<\/p>\n\n\n\n<p class=\"wp-block-paragraph\">\u200bA candidatura de Moro, apesar da lideran\u00e7a nas inten\u00e7\u00f5es de voto no primeiro turno, conforme alguns levantamentos, tamb\u00e9m enfrenta desafios. O senador, que recentemente teve sua candidatura <strong>vetada pelo PP (Partido Progressistas)<\/strong> \u2014 que faz parte da federa\u00e7\u00e3o com seu partido \u2014, lida com uma <strong>alta taxa de rejei\u00e7\u00e3o<\/strong> e com impasses internos dentro do pr\u00f3prio Uni\u00e3o Brasil, segundo analistas pol\u00edticos.<\/p>\n\n\n\n<figure class=\"wp-block-image size-large\"><img data-recalc-dims=\"1\" loading=\"lazy\" width=\"900\" height=\"650\" src=\"https:\/\/i0.wp.com\/oexpressobr.com.br\/wp-content\/uploads\/2025\/12\/IMG-20251215-WA0287.jpg?resize=900%2C650\" alt=\"\" class=\"wp-image-754\" srcset=\"https:\/\/i0.wp.com\/oexpressobr.com.br\/wp-content\/uploads\/2025\/12\/IMG-20251215-WA0287.jpg?resize=1024%2C739&amp;ssl=1 1024w, https:\/\/i0.wp.com\/oexpressobr.com.br\/wp-content\/uploads\/2025\/12\/IMG-20251215-WA0287.jpg?resize=300%2C216&amp;ssl=1 300w, https:\/\/i0.wp.com\/oexpressobr.com.br\/wp-content\/uploads\/2025\/12\/IMG-20251215-WA0287.jpg?resize=768%2C554&amp;ssl=1 768w, https:\/\/i0.wp.com\/oexpressobr.com.br\/wp-content\/uploads\/2025\/12\/IMG-20251215-WA0287.jpg?w=1044&amp;ssl=1 1044w\" sizes=\"auto, (max-width: 900px) 100vw, 900px\" \/><\/figure>\n\n\n\n<p class=\"wp-block-paragraph\">\u200bPor outro lado, Requi\u00e3o Filho, com uma atua\u00e7\u00e3o marcada pela <strong>fiscaliza\u00e7\u00e3o e transpar\u00eancia<\/strong> na Assembleia Legislativa do Paran\u00e1, tem ampliado sua conex\u00e3o com o p\u00fablico ao assumir uma postura firme e propositiva, o que se reflete no seu crescimento cont\u00ednuo nas pesquisas. Sua filia\u00e7\u00e3o ao PDT, em maio deste ano, tamb\u00e9m o posicionou como um nome para a constru\u00e7\u00e3o de um <strong>projeto alternativo<\/strong> ao atual governo, alinhado \u00e0 tradi\u00e7\u00e3o brizolista do partido.<\/p>\n\n\n\n<p class=\"wp-block-paragraph\">\u200bA corrida eleitoral de 2026 no Paran\u00e1 promete ser intensa, com Requi\u00e3o Filho se firmando como o principal nome para <strong>liderar a oposi\u00e7\u00e3o<\/strong> e construir um projeto que discuta o futuro de longo prazo do estado.<\/p>\n","protected":false},"excerpt":{"rendered":"<p>Uma nova pesquisa de inten\u00e7\u00e3o de voto, divulgada nesta segunda-feira (15) pelo Instituto Opini\u00e3o, agitou o cen\u00e1rio eleitoral paranaense ao mostrar o deputado estadual Requi\u00e3o [&#8230;]<\/p>\n","protected":false},"author":1,"featured_media":753,"comment_status":"closed","ping_status":"closed","sticky":false,"template":"","format":"standard","meta":{"_crdt_document":"","_jetpack_memberships_contains_paid_content":false,"footnotes":"","jetpack_publicize_message":"","jetpack_publicize_feature_enabled":true,"jetpack_social_post_already_shared":false,"jetpack_social_options":{"image_generator_settings":{"template":"highway","default_image_id":0,"font":"","enabled":false},"version":2}},"categories":[5],"tags":[],"class_list":["post-752","post","type-post","status-publish","format-standard","has-post-thumbnail","hentry","category-parana"],"jetpack_publicize_connections":[],"jetpack_featured_media_url":"https:\/\/i0.wp.com\/oexpressobr.com.br\/wp-content\/uploads\/2025\/12\/IMG-20251215-WA0286.jpg?fit=1600%2C1066&ssl=1","jetpack_likes_enabled":true,"jetpack_sharing_enabled":true,"_links":{"self":[{"href":"https:\/\/oexpressobr.com.br\/index.php?rest_route=\/wp\/v2\/posts\/752","targetHints":{"allow":["GET"]}}],"collection":[{"href":"https:\/\/oexpressobr.com.br\/index.php?rest_route=\/wp\/v2\/posts"}],"about":[{"href":"https:\/\/oexpressobr.com.br\/index.php?rest_route=\/wp\/v2\/types\/post"}],"author":[{"embeddable":true,"href":"https:\/\/oexpressobr.com.br\/index.php?rest_route=\/wp\/v2\/users\/1"}],"replies":[{"embeddable":true,"href":"https:\/\/oexpressobr.com.br\/index.php?rest_route=%2Fwp%2Fv2%2Fcomments&post=752"}],"version-history":[{"count":1,"href":"https:\/\/oexpressobr.com.br\/index.php?rest_route=\/wp\/v2\/posts\/752\/revisions"}],"predecessor-version":[{"id":755,"href":"https:\/\/oexpressobr.com.br\/index.php?rest_route=\/wp\/v2\/posts\/752\/revisions\/755"}],"wp:featuredmedia":[{"embeddable":true,"href":"https:\/\/oexpressobr.com.br\/index.php?rest_route=\/wp\/v2\/media\/753"}],"wp:attachment":[{"href":"https:\/\/oexpressobr.com.br\/index.php?rest_route=%2Fwp%2Fv2%2Fmedia&parent=752"}],"wp:term":[{"taxonomy":"category","embeddable":true,"href":"https:\/\/oexpressobr.com.br\/index.php?rest_route=%2Fwp%2Fv2%2Fcategories&post=752"},{"taxonomy":"post_tag","embeddable":true,"href":"https:\/\/oexpressobr.com.br\/index.php?rest_route=%2Fwp%2Fv2%2Ftags&post=752"}],"curies":[{"name":"wp","href":"https:\/\/api.w.org\/{rel}","templated":true}]}}