{"id":756,"date":"2025-12-15T20:20:08","date_gmt":"2025-12-15T23:20:08","guid":{"rendered":"https:\/\/oexpressobr.com.br\/?p=756"},"modified":"2025-12-15T20:20:11","modified_gmt":"2025-12-15T23:20:11","slug":"moraes-vota-para-tornar-george-washington-alan-diego-e-wellington-macedo-reus-por-tentativa-de-golpe-apos-atentado-em-brasilia","status":"publish","type":"post","link":"https:\/\/oexpressobr.com.br\/?p=756","title":{"rendered":"Moraes vota para tornar George Washington, Alan Diego e Wellington Macedo r\u00e9us por tentativa de golpe ap\u00f3s atentado em Bras\u00edlia"},"content":{"rendered":"\n<p class=\"wp-block-paragraph\">O ministro Alexandre de Moraes, do Supremo Tribunal Federal (STF), votou na \u00faltima semana pelo recebimento da den\u00fancia apresentada pela Procuradoria-Geral da Rep\u00fablica (PGR) contra os tr\u00eas condenados pelo fracassado atentado \u00e0 bomba nas proximidades do Aeroporto Internacional de Bras\u00edlia, em 24 de dezembro de 2022.<\/p>\n\n\n\n<p class=\"wp-block-paragraph\">\u200bCom o voto de Moraes, relator do caso na Primeira Turma do STF, os acusados George Washington de Oliveira Souza, Alan Diego dos Santos Rodrigues e Wellington Macedo de Souza podem se tornar r\u00e9us por crimes mais graves que os inicialmente julgados. A PGR imputou ao trio os crimes de associa\u00e7\u00e3o criminosa armada, tentativa de aboli\u00e7\u00e3o violenta do Estado Democr\u00e1tico de Direito, golpe de Estado e atentado contra a seguran\u00e7a de transporte a\u00e9reo.<\/p>\n\n\n\n<p class=\"wp-block-paragraph\">\u200bA an\u00e1lise da den\u00fancia ocorre em sess\u00e3o virtual da Primeira Turma, e os demais ministros do colegiado \u2014 Fl\u00e1vio Dino, C\u00e1rmen L\u00facia e Cristiano Zanin \u2014 t\u00eam at\u00e9 o dia 19 de dezembro para depositar seus votos. Caso a maioria siga o relator, ser\u00e1 aberta uma nova a\u00e7\u00e3o penal contra o grupo no Supremo.<\/p>\n\n\n\n<p class=\"wp-block-paragraph\">\u200b<strong>Condena\u00e7\u00f5es Anteriores e Pris\u00e3o Preventiva<\/strong><\/p>\n\n\n\n<p class=\"wp-block-paragraph\">\u200bOs tr\u00eas homens j\u00e1 haviam sido condenados pela Justi\u00e7a do Distrito Federal por crimes como explos\u00e3o, inc\u00eandio criminoso e posse de arma de fogo. George Washington, considerado o respons\u00e1vel pela fabrica\u00e7\u00e3o do artefato, foi apenado com nove anos e quatro meses de pris\u00e3o em 2023.<\/p>\n\n\n\n<p class=\"wp-block-paragraph\">\u200bSegundo a investiga\u00e7\u00e3o, o plano do trio, que se reuniu no acampamento bolsonarista em frente ao Quartel-General do Ex\u00e9rcito, era causar um evento de grande como\u00e7\u00e3o social para precipitar uma interven\u00e7\u00e3o militar no pa\u00eds. A bomba, colocada em um caminh\u00e3o de querosene perto do aeroporto, falhou em sua detona\u00e7\u00e3o.<\/p>\n\n\n\n<p class=\"wp-block-paragraph\">\u200bEm meio ao avan\u00e7o do processo no STF, Moraes reverteu recentemente o regime de cumprimento de pena de alguns dos condenados, convertendo o semiaberto em pris\u00e3o preventiva fechada. A decis\u00e3o, que mant\u00e9m os tr\u00eas acusados presos, foi justificada pela necessidade de garantir a ordem p\u00fablica diante da gravidade das condutas investigadas, que o ministro associavam a uma trama maior visando o Golpe de Estado, que culminou nos atos de 8 de janeiro. O Supremo Tribunal Federal tem mantido as decis\u00f5es que negam a revoga\u00e7\u00e3o da pris\u00e3o preventiva do grupo.<\/p>\n","protected":false},"excerpt":{"rendered":"<p>O ministro Alexandre de Moraes, do Supremo Tribunal Federal (STF), votou na \u00faltima semana pelo recebimento da den\u00fancia apresentada pela Procuradoria-Geral da Rep\u00fablica (PGR) contra [&#8230;]<\/p>\n","protected":false},"author":1,"featured_media":757,"comment_status":"closed","ping_status":"closed","sticky":false,"template":"","format":"standard","meta":{"_crdt_document":"","_jetpack_memberships_contains_paid_content":false,"footnotes":"","jetpack_publicize_message":"","jetpack_publicize_feature_enabled":true,"jetpack_social_post_already_shared":false,"jetpack_social_options":{"image_generator_settings":{"template":"highway","default_image_id":0,"font":"","enabled":false},"version":2}},"categories":[8],"tags":[],"class_list":["post-756","post","type-post","status-publish","format-standard","has-post-thumbnail","hentry","category-judiciario"],"jetpack_publicize_connections":[],"jetpack_featured_media_url":"https:\/\/i0.wp.com\/oexpressobr.com.br\/wp-content\/uploads\/2025\/12\/stf_1908200974.webp?fit=1170%2C700&ssl=1","jetpack_likes_enabled":true,"jetpack_sharing_enabled":true,"_links":{"self":[{"href":"https:\/\/oexpressobr.com.br\/index.php?rest_route=\/wp\/v2\/posts\/756","targetHints":{"allow":["GET"]}}],"collection":[{"href":"https:\/\/oexpressobr.com.br\/index.php?rest_route=\/wp\/v2\/posts"}],"about":[{"href":"https:\/\/oexpressobr.com.br\/index.php?rest_route=\/wp\/v2\/types\/post"}],"author":[{"embeddable":true,"href":"https:\/\/oexpressobr.com.br\/index.php?rest_route=\/wp\/v2\/users\/1"}],"replies":[{"embeddable":true,"href":"https:\/\/oexpressobr.com.br\/index.php?rest_route=%2Fwp%2Fv2%2Fcomments&post=756"}],"version-history":[{"count":1,"href":"https:\/\/oexpressobr.com.br\/index.php?rest_route=\/wp\/v2\/posts\/756\/revisions"}],"predecessor-version":[{"id":758,"href":"https:\/\/oexpressobr.com.br\/index.php?rest_route=\/wp\/v2\/posts\/756\/revisions\/758"}],"wp:featuredmedia":[{"embeddable":true,"href":"https:\/\/oexpressobr.com.br\/index.php?rest_route=\/wp\/v2\/media\/757"}],"wp:attachment":[{"href":"https:\/\/oexpressobr.com.br\/index.php?rest_route=%2Fwp%2Fv2%2Fmedia&parent=756"}],"wp:term":[{"taxonomy":"category","embeddable":true,"href":"https:\/\/oexpressobr.com.br\/index.php?rest_route=%2Fwp%2Fv2%2Fcategories&post=756"},{"taxonomy":"post_tag","embeddable":true,"href":"https:\/\/oexpressobr.com.br\/index.php?rest_route=%2Fwp%2Fv2%2Ftags&post=756"}],"curies":[{"name":"wp","href":"https:\/\/api.w.org\/{rel}","templated":true}]}}