{"id":760,"date":"2025-12-15T20:27:21","date_gmt":"2025-12-15T23:27:21","guid":{"rendered":"https:\/\/oexpressobr.com.br\/?p=760"},"modified":"2025-12-15T20:27:24","modified_gmt":"2025-12-15T23:27:24","slug":"extradicao-de-zambelli-stf-determina-prisao-em-brasilia-apos-renuncia-e-decisao-da-justica-italiana","status":"publish","type":"post","link":"https:\/\/oexpressobr.com.br\/?p=760","title":{"rendered":"Extradi\u00e7\u00e3o de Zambelli: STF Determina Pris\u00e3o em Bras\u00edlia Ap\u00f3s Ren\u00fancia e Decis\u00e3o da Justi\u00e7a Italiana"},"content":{"rendered":"\n<p class=\"wp-block-paragraph\">A ex-deputada federal Carla Zambelli (PL-SP), detida na It\u00e1lia desde julho, dever\u00e1 ser encaminhada \u00e0 Penitenci\u00e1ria Feminina do Distrito Federal, conhecida como Colmeia, caso sua extradi\u00e7\u00e3o seja autorizada pela Justi\u00e7a italiana. O Supremo Tribunal Federal (STF) j\u00e1 determinou que a ex-parlamentar cumpra a pena no Brasil.<\/p>\n\n\n\n<p class=\"wp-block-paragraph\">\u200bA decis\u00e3o final sobre o pedido de extradi\u00e7\u00e3o, formalizado pelo STF em junho e enviado pelo Itamaraty, deve ser proferida pela Justi\u00e7a italiana na pr\u00f3xima quinta-feira, dia 18 de dezembro.<\/p>\n\n\n\n<h3 class=\"wp-block-heading\">\u200b\u00daltimos Desenvolvimentos Refor\u00e7am Cen\u00e1rio de Pris\u00e3o<\/h3>\n\n\n\n<p class=\"wp-block-paragraph\">\u200bO processo de extradi\u00e7\u00e3o ganhou novos contornos em meio a um intenso embate pol\u00edtico-jur\u00eddico. A ex-deputada renunciou ao mandato no \u00faltimo domingo (14), decis\u00e3o comunicada \u00e0 C\u00e2mara ap\u00f3s um per\u00edodo de instabilidade sobre seu futuro pol\u00edtico.<\/p>\n\n\n\n<ul class=\"wp-block-list\">\n<li>\u200b<strong>Ren\u00fancia e Cassa\u00e7\u00e3o:<\/strong> A ren\u00fancia ocorreu dias depois que o plen\u00e1rio da C\u00e2mara, na madrugada de quinta-feira (11), rejeitou a cassa\u00e7\u00e3o de Zambelli por n\u00e3o alcan\u00e7ar o qu\u00f3rum necess\u00e1rio. Menos de 24 horas depois, no entanto, o ministro Alexandre de Moraes, do STF, declarou nulo o ato da C\u00e2mara, determinou a cassa\u00e7\u00e3o e fixou prazo para a posse do suplente, uma decis\u00e3o posteriormente referendada pelo plen\u00e1rio do Supremo.<\/li>\n\n\n\n<li>\u200b<strong>Estrat\u00e9gia da Defesa:<\/strong> A defesa de Zambelli argumenta que a ren\u00fancia, somada \u00e0 rejei\u00e7\u00e3o inicial da cassa\u00e7\u00e3o pela C\u00e2mara, refor\u00e7a a tese de <strong>persegui\u00e7\u00e3o pol\u00edtica<\/strong>, buscando ampliar suas chances de ser solta na It\u00e1lia e reverter a extradi\u00e7\u00e3o.<\/li>\n\n\n\n<li>\u200b<strong>Posicionamento da Justi\u00e7a Italiana:<\/strong> O Minist\u00e9rio P\u00fablico da It\u00e1lia j\u00e1 emitiu parecer favor\u00e1vel \u00e0 extradi\u00e7\u00e3o. A Corte de Apela\u00e7\u00e3o de Roma, que mant\u00e9m Zambelli presa cautelarmente por considerar haver <strong>grave risco de fuga<\/strong>, solicitou recentemente a Moraes informa\u00e7\u00f5es sobre as condi\u00e7\u00f5es do sistema prisional brasileiro, \u00e0s quais o ministro respondeu, detalhando a situa\u00e7\u00e3o da Colmeia.<\/li>\n<\/ul>\n\n\n\n<h3 class=\"wp-block-heading\">\u200bCondena\u00e7\u00f5es e Local de Cumprimento da Pena<\/h3>\n\n\n\n<p class=\"wp-block-paragraph\">\u200bZambelli foi condenada pelo STF em dois processos:<\/p>\n\n\n\n<ol class=\"wp-block-list\">\n<li>\u200b<strong>Invas\u00e3o Hacker:<\/strong> A condena\u00e7\u00e3o inicial ocorreu em junho de 2025, no processo de invas\u00e3o hacker aos sistemas do Conselho Nacional de Justi\u00e7a (CNJ). A pena \u00e9 de 10 anos de reclus\u00e3o. As investiga\u00e7\u00f5es apontam Zambelli como a autora intelectual da invas\u00e3o, executada por Walter Delgatti Neto, com o objetivo de emitir um falso mandado de pris\u00e3o contra Alexandre de Moraes.<\/li>\n\n\n\n<li>\u200b<strong>Porte Ilegal e Constrangimento:<\/strong> Em agosto, o STF a condenou a cinco anos e tr\u00eas meses de pris\u00e3o pela persegui\u00e7\u00e3o de um homem com arma em punho, na v\u00e9spera do segundo turno das elei\u00e7\u00f5es de 2022.<\/li>\n<\/ol>\n\n\n\n<p class=\"wp-block-paragraph\">\u200bO ministro Moraes informou \u00e0 Justi\u00e7a italiana que a Penitenci\u00e1ria Feminina do Distrito Federal (Colmeia) mant\u00e9m padr\u00f5es de salubridade, seguran\u00e7a e assist\u00eancia \u00e0s detentas, conforme a Lei de Execu\u00e7\u00f5es Penais, e que o local nunca registrou rebeli\u00f5es.<\/p>\n\n\n\n<p class=\"wp-block-paragraph\">\u200bO desfecho, marcado para a pr\u00f3xima quinta-feira, definir\u00e1 se a ex-deputada, que fugiu para a It\u00e1lia em julho ap\u00f3s o tr\u00e2nsito em julgado da primeira condena\u00e7\u00e3o, retornar\u00e1 ao Brasil para cumprir a pena.<\/p>\n","protected":false},"excerpt":{"rendered":"<p>A ex-deputada federal Carla Zambelli (PL-SP), detida na It\u00e1lia desde julho, dever\u00e1 ser encaminhada \u00e0 Penitenci\u00e1ria Feminina do Distrito Federal, conhecida como Colmeia, caso sua [&#8230;]<\/p>\n","protected":false},"author":1,"featured_media":761,"comment_status":"closed","ping_status":"closed","sticky":false,"template":"","format":"standard","meta":{"_crdt_document":"","_jetpack_memberships_contains_paid_content":false,"footnotes":"","jetpack_publicize_message":"","jetpack_publicize_feature_enabled":true,"jetpack_social_post_already_shared":false,"jetpack_social_options":{"image_generator_settings":{"template":"highway","default_image_id":0,"font":"","enabled":false},"version":2}},"categories":[8],"tags":[],"class_list":["post-760","post","type-post","status-publish","format-standard","has-post-thumbnail","hentry","category-judiciario"],"jetpack_publicize_connections":[],"jetpack_featured_media_url":"https:\/\/i0.wp.com\/oexpressobr.com.br\/wp-content\/uploads\/2025\/12\/02082023-lula7910.jpg?fit=1170%2C700&ssl=1","jetpack_likes_enabled":true,"jetpack_sharing_enabled":true,"_links":{"self":[{"href":"https:\/\/oexpressobr.com.br\/index.php?rest_route=\/wp\/v2\/posts\/760","targetHints":{"allow":["GET"]}}],"collection":[{"href":"https:\/\/oexpressobr.com.br\/index.php?rest_route=\/wp\/v2\/posts"}],"about":[{"href":"https:\/\/oexpressobr.com.br\/index.php?rest_route=\/wp\/v2\/types\/post"}],"author":[{"embeddable":true,"href":"https:\/\/oexpressobr.com.br\/index.php?rest_route=\/wp\/v2\/users\/1"}],"replies":[{"embeddable":true,"href":"https:\/\/oexpressobr.com.br\/index.php?rest_route=%2Fwp%2Fv2%2Fcomments&post=760"}],"version-history":[{"count":1,"href":"https:\/\/oexpressobr.com.br\/index.php?rest_route=\/wp\/v2\/posts\/760\/revisions"}],"predecessor-version":[{"id":762,"href":"https:\/\/oexpressobr.com.br\/index.php?rest_route=\/wp\/v2\/posts\/760\/revisions\/762"}],"wp:featuredmedia":[{"embeddable":true,"href":"https:\/\/oexpressobr.com.br\/index.php?rest_route=\/wp\/v2\/media\/761"}],"wp:attachment":[{"href":"https:\/\/oexpressobr.com.br\/index.php?rest_route=%2Fwp%2Fv2%2Fmedia&parent=760"}],"wp:term":[{"taxonomy":"category","embeddable":true,"href":"https:\/\/oexpressobr.com.br\/index.php?rest_route=%2Fwp%2Fv2%2Fcategories&post=760"},{"taxonomy":"post_tag","embeddable":true,"href":"https:\/\/oexpressobr.com.br\/index.php?rest_route=%2Fwp%2Fv2%2Ftags&post=760"}],"curies":[{"name":"wp","href":"https:\/\/api.w.org\/{rel}","templated":true}]}}