{"id":766,"date":"2025-12-15T20:44:01","date_gmt":"2025-12-15T23:44:01","guid":{"rendered":"https:\/\/oexpressobr.com.br\/?p=766"},"modified":"2025-12-15T20:44:03","modified_gmt":"2025-12-15T23:44:03","slug":"amazon-brasil-acelera-expansao-e-ve-copa-do-mundo-como-black-friday-de-seis-meses","status":"publish","type":"post","link":"https:\/\/oexpressobr.com.br\/?p=766","title":{"rendered":"Amazon Brasil Acelera Expans\u00e3o e V\u00ea Copa do Mundo Como &#8220;Black Friday&#8221; de Seis Meses"},"content":{"rendered":"\n<p class=\"wp-block-paragraph\">O <strong>Brasil se consolida como um mercado estrat\u00e9gico para a Amazon<\/strong>, que anunciou investimentos superiores a <strong>R$ 55 bilh\u00f5es<\/strong> no pa\u00eds. A gigante do com\u00e9rcio eletr\u00f4nico, com uma receita global que j\u00e1 atingiu cerca de US$ 500 bilh\u00f5es at\u00e9 o terceiro trimestre deste ano, est\u00e1 acelerando sua opera\u00e7\u00e3o nacional, que j\u00e1 emprega <strong>36 mil funcion\u00e1rios<\/strong> e integra Intelig\u00eancia Artificial (IA) em toda a sua log\u00edstica de entregas.<\/p>\n\n\n\n<p class=\"wp-block-paragraph\">\u200bEm uma declara\u00e7\u00e3o que reflete o otimismo da empresa com o calend\u00e1rio de eventos no Brasil, o <strong>CEO da Amazon Brasil, Daniel Mazini<\/strong>, afirmou que a Copa do Mundo \u00e9 encarada como uma extens\u00e3o das grandes datas de vendas. &#8220;Esperamos uma &#8216;Black Friday&#8217; de 6 meses com a Copa do Mundo&#8221;, disse Mazini. Essa expectativa sinaliza uma estrat\u00e9gia de longo prazo que capitaliza o aumento do consumo e o engajamento do p\u00fablico durante grandes eventos esportivos, estendendo o pico de vendas tradicionalmente restrito a novembro.<\/p>\n\n\n\n<h2 class=\"wp-block-heading\">\u200b Investimento em Infraestrutura e Tecnologia<\/h2>\n\n\n\n<p class=\"wp-block-paragraph\">\u200bA expans\u00e3o da Amazon no Brasil tem sido not\u00e1vel, focando na melhoria da experi\u00eancia do cliente e na infraestrutura. De acordo com informa\u00e7\u00f5es mais recentes, a empresa tem investido pesadamente na <strong>abertura de novos centros de distribui\u00e7\u00e3o (CDs)<\/strong> e esta\u00e7\u00f5es de entrega. Essa malha log\u00edstica capilarizada tem sido fundamental para reduzir os prazos de entrega, um diferencial competitivo crucial no mercado brasileiro.<\/p>\n\n\n\n<p class=\"wp-block-paragraph\">\u200bAl\u00e9m disso, a integra\u00e7\u00e3o de <strong>Intelig\u00eancia Artificial (IA)<\/strong> n\u00e3o se limita apenas \u00e0 otimiza\u00e7\u00e3o das rotas de entrega. A tecnologia est\u00e1 sendo aplicada em diversas frentes da opera\u00e7\u00e3o, desde a gest\u00e3o de estoques at\u00e9 a personaliza\u00e7\u00e3o das recomenda\u00e7\u00f5es de produtos para os usu\u00e1rios, o que contribui diretamente para o aumento da satisfa\u00e7\u00e3o e da convers\u00e3o de vendas.<\/p>\n\n\n\n<h2 class=\"wp-block-heading\">\u200b Contexto Global e Impacto Local<\/h2>\n\n\n\n<p class=\"wp-block-paragraph\">\u200bA ambi\u00e7\u00e3o da Amazon no Brasil reflete seu desempenho global robusto. Com uma marca de meio trilh\u00e3o de d\u00f3lares em receita anual se aproximando, a matriz demonstra confian\u00e7a no potencial do consumidor brasileiro.<\/p>\n\n\n\n<p class=\"wp-block-paragraph\">\u200bAs \u00faltimas novidades sobre o setor de e-commerce indicam que o mercado brasileiro est\u00e1 cada vez mais competitivo, com a Amazon disputando espa\u00e7o com grandes <em>players<\/em> locais e internacionais. Nesse cen\u00e1rio, o investimento cont\u00ednuo em log\u00edstica, tecnologia e a estrat\u00e9gia de estender as campanhas promocionais para al\u00e9m das datas tradicionais mostram a inten\u00e7\u00e3o da Amazon de <strong>dominar uma fatia maior<\/strong> do varejo digital brasileiro. A aposta na Copa do Mundo como um catalisador de vendas \u00e9 um movimento audacioso que visa garantir um crescimento sustent\u00e1vel nos pr\u00f3ximos meses.<\/p>\n","protected":false},"excerpt":{"rendered":"<p>O Brasil se consolida como um mercado estrat\u00e9gico para a Amazon, que anunciou investimentos superiores a R$ 55 bilh\u00f5es no pa\u00eds. A gigante do com\u00e9rcio [&#8230;]<\/p>\n","protected":false},"author":1,"featured_media":767,"comment_status":"closed","ping_status":"closed","sticky":false,"template":"","format":"standard","meta":{"_crdt_document":"","_jetpack_memberships_contains_paid_content":false,"footnotes":"","jetpack_publicize_message":"","jetpack_publicize_feature_enabled":true,"jetpack_social_post_already_shared":false,"jetpack_social_options":{"image_generator_settings":{"template":"highway","default_image_id":0,"font":"","enabled":false},"version":2}},"categories":[10],"tags":[],"class_list":["post-766","post","type-post","status-publish","format-standard","has-post-thumbnail","hentry","category-economia"],"jetpack_publicize_connections":[],"jetpack_featured_media_url":"https:\/\/i0.wp.com\/oexpressobr.com.br\/wp-content\/uploads\/2025\/12\/IMG-20251215-WA0333.jpg?fit=750%2C500&ssl=1","jetpack_likes_enabled":true,"jetpack_sharing_enabled":true,"_links":{"self":[{"href":"https:\/\/oexpressobr.com.br\/index.php?rest_route=\/wp\/v2\/posts\/766","targetHints":{"allow":["GET"]}}],"collection":[{"href":"https:\/\/oexpressobr.com.br\/index.php?rest_route=\/wp\/v2\/posts"}],"about":[{"href":"https:\/\/oexpressobr.com.br\/index.php?rest_route=\/wp\/v2\/types\/post"}],"author":[{"embeddable":true,"href":"https:\/\/oexpressobr.com.br\/index.php?rest_route=\/wp\/v2\/users\/1"}],"replies":[{"embeddable":true,"href":"https:\/\/oexpressobr.com.br\/index.php?rest_route=%2Fwp%2Fv2%2Fcomments&post=766"}],"version-history":[{"count":1,"href":"https:\/\/oexpressobr.com.br\/index.php?rest_route=\/wp\/v2\/posts\/766\/revisions"}],"predecessor-version":[{"id":768,"href":"https:\/\/oexpressobr.com.br\/index.php?rest_route=\/wp\/v2\/posts\/766\/revisions\/768"}],"wp:featuredmedia":[{"embeddable":true,"href":"https:\/\/oexpressobr.com.br\/index.php?rest_route=\/wp\/v2\/media\/767"}],"wp:attachment":[{"href":"https:\/\/oexpressobr.com.br\/index.php?rest_route=%2Fwp%2Fv2%2Fmedia&parent=766"}],"wp:term":[{"taxonomy":"category","embeddable":true,"href":"https:\/\/oexpressobr.com.br\/index.php?rest_route=%2Fwp%2Fv2%2Fcategories&post=766"},{"taxonomy":"post_tag","embeddable":true,"href":"https:\/\/oexpressobr.com.br\/index.php?rest_route=%2Fwp%2Fv2%2Ftags&post=766"}],"curies":[{"name":"wp","href":"https:\/\/api.w.org\/{rel}","templated":true}]}}