{"id":772,"date":"2025-12-15T20:56:07","date_gmt":"2025-12-15T23:56:07","guid":{"rendered":"https:\/\/oexpressobr.com.br\/?p=772"},"modified":"2025-12-15T20:56:09","modified_gmt":"2025-12-15T23:56:09","slug":"clausula-de-seguranca-no-acordo-ue-mercosul-preocupa-governo-lula-em-reta-final-para-assinatura","status":"publish","type":"post","link":"https:\/\/oexpressobr.com.br\/?p=772","title":{"rendered":"Cl\u00e1usula De Seguran\u00e7a No Acordo UE-Mercosul Preocupa Governo Lula Em Reta Final Para Assinatura"},"content":{"rendered":"\n<p class=\"wp-block-paragraph\">O governo brasileiro, por meio do Minist\u00e9rio das Rela\u00e7\u00f5es Exteriores (Itamaraty), mant\u00e9m um otimismo cauteloso em rela\u00e7\u00e3o \u00e0 assinatura do acordo comercial entre a <strong>Uni\u00e3o Europeia (UE) e o Mercosul<\/strong>, mas manifesta preocupa\u00e7\u00e3o com a eventual inclus\u00e3o de uma cl\u00e1usula de seguran\u00e7a que visa proteger agricultores europeus. A expectativa \u00e9 que o tratado, negociado h\u00e1 mais de 25 anos, seja assinado durante a c\u00fapula do Mercosul agendada para o dia <strong>20 de dezembro<\/strong> em Foz do Igua\u00e7u.<\/p>\n\n\n\n<h3 class=\"wp-block-heading\">\u200bItamaraty V\u00ea &#8220;Preocupa\u00e7\u00e3o&#8221; em Salvaguardas<\/h3>\n\n\n\n<p class=\"wp-block-paragraph\">\u200bA diplomacia brasileira, representada pela secret\u00e1ria de Am\u00e9rica Latina e Caribe do Itamaraty, Gisela Padovan, confirmou que o pa\u00eds est\u00e1 otimista com a assinatura, mas demonstrou cautela em rela\u00e7\u00e3o \u00e0s chamadas <strong>salvaguardas bilaterais<\/strong>, ou cl\u00e1usula de seguran\u00e7a. Tais medidas teriam o objetivo de proteger setores agr\u00edcolas considerados &#8220;sens\u00edveis&#8221; na Europa, especialmente na Fran\u00e7a e na Pol\u00f4nia, em face da competi\u00e7\u00e3o com produtos do Mercosul, como carne bovina, aves e a\u00e7\u00facar.<\/p>\n\n\n\n<blockquote class=\"wp-block-quote is-layout-flow wp-block-quote-is-layout-flow\">\n<p class=\"wp-block-paragraph\">\u200b&#8221;O Brasil continua otimista, n\u00f3s dependemos da vota\u00e7\u00e3o no Conselho Europeu, mas temos sinaliza\u00e7\u00f5es de que a ideia \u00e9 assinar. [&#8230;] Conhe\u00e7o o tema das salvaguardas e acho que \u00e9 merecedor de preocupa\u00e7\u00e3o&#8221;, afirmou Padovan.<\/p>\n<\/blockquote>\n\n\n\n<p class=\"wp-block-paragraph\">\u200bO governo brasileiro argumenta que as salvaguardas n\u00e3o foram discutidas com o Mercosul e, idealmente, o texto a ser assinado deveria ser o originalmente negociado entre os blocos.<\/p>\n\n\n\n<h3 class=\"wp-block-heading\">\u200bResist\u00eancia Europeia e Articula\u00e7\u00e3o Pelo Adiamento<\/h3>\n\n\n\n<p class=\"wp-block-paragraph\">\u200bApesar do otimismo do Itamaraty, a reta final da aprova\u00e7\u00e3o na Europa tem sido marcada por forte resist\u00eancia de pa\u00edses com um poderoso lobby agr\u00edcola.<\/p>\n\n\n\n<ul class=\"wp-block-list\">\n<li>\u200b<strong>Fran\u00e7a e Pol\u00f4nia<\/strong> s\u00e3o os principais opositores, temendo uma &#8220;inunda\u00e7\u00e3o&#8221; de produtos agr\u00edcolas sul-americanos.<\/li>\n\n\n\n<li>\u200bO presidente franc\u00eas, <strong>Emmanuel Macron<\/strong>, e a primeira-ministra italiana, <strong>Giorgia Meloni<\/strong>, chegaram a articular o adiamento da vota\u00e7\u00e3o crucial no Conselho Europeu, que deveria ocorrer nesta semana.<\/li>\n\n\n\n<li>\u200bApesar disso, a avalia\u00e7\u00e3o em Bras\u00edlia \u00e9 de que a oposi\u00e7\u00e3o isolada desses pa\u00edses n\u00e3o \u00e9 suficiente para bloquear o acordo, que, se aprovado, criar\u00e1 um mercado comum de cerca de 722 milh\u00f5es de habitantes e um PIB combinado de US$ 22 trilh\u00f5es.<\/li>\n<\/ul>\n\n\n\n<h3 class=\"wp-block-heading\">\u200bLula Garante Assinatura e Busca Oportunidades<\/h3>\n\n\n\n<p class=\"wp-block-paragraph\">\u200bO presidente <strong>Luiz In\u00e1cio Lula da Silva<\/strong> tem mantido um tom de confian\u00e7a, afirmando que o acordo ser\u00e1 assinado em dezembro de 2025. O mandat\u00e1rio defende que o tratado \u00e9 &#8220;bem diferente&#8221; do negociado em 2019 e representar\u00e1 um refor\u00e7o ao multilateralismo.<\/p>\n\n\n\n<p class=\"wp-block-paragraph\">\u200bO governo enxerga o pacto como uma grande oportunidade para:<\/p>\n\n\n\n<ul class=\"wp-block-list\">\n<li>\u200b<strong>Abertura de mercado<\/strong> para produtos agr\u00edcolas brasileiros.<\/li>\n\n\n\n<li>\u200b<strong>Aumento de exporta\u00e7\u00f5es<\/strong> de outros setores e dinamiza\u00e7\u00e3o de fluxos de investimentos.<\/li>\n\n\n\n<li>\u200b<strong>Redu\u00e7\u00e3o da depend\u00eancia<\/strong> de cadeias produtivas globais, um interesse estrat\u00e9gico tamb\u00e9m para a Uni\u00e3o Europeia.<\/li>\n<\/ul>\n\n\n\n<p class=\"wp-block-paragraph\">\u200bO Ministro da Agricultura e Pecu\u00e1ria, <strong>Carlos F\u00e1varo<\/strong>, defendeu o di\u00e1logo sobre a quest\u00e3o das salvaguardas, indicando que o Brasil est\u00e1 disposto a discutir, mas ressaltando que &#8220;N\u00e3o d\u00e1 mais para esperar sair o acordo firmado. N\u00e3o adianta a gente ficar procurando o acordo perfeito&#8221;. A posi\u00e7\u00e3o do governo \u00e9 de implementar o acordo e buscar aperfei\u00e7oamentos gradativos.<\/p>\n\n\n\n<p class=\"wp-block-paragraph\">\u200bA pr\u00f3xima etapa ser\u00e1 a vota\u00e7\u00e3o das medidas de prote\u00e7\u00e3o ao setor agropecu\u00e1rio local no Parlamento Europeu nesta semana, seguida pela delibera\u00e7\u00e3o no Conselho Europeu, que exigir\u00e1 o voto favor\u00e1vel de 15 dos 27 chefes de governo, representando 65% da popula\u00e7\u00e3o do bloco, para que a assinatura em Foz do Igua\u00e7u seja concretizada.<\/p>\n","protected":false},"excerpt":{"rendered":"<p>O governo brasileiro, por meio do Minist\u00e9rio das Rela\u00e7\u00f5es Exteriores (Itamaraty), mant\u00e9m um otimismo cauteloso em rela\u00e7\u00e3o \u00e0 assinatura do acordo comercial entre a Uni\u00e3o [&#8230;]<\/p>\n","protected":false},"author":1,"featured_media":773,"comment_status":"closed","ping_status":"closed","sticky":false,"template":"","format":"standard","meta":{"_crdt_document":"","_jetpack_memberships_contains_paid_content":false,"footnotes":"","jetpack_publicize_message":"","jetpack_publicize_feature_enabled":true,"jetpack_social_post_already_shared":false,"jetpack_social_options":{"image_generator_settings":{"template":"highway","default_image_id":0,"font":"","enabled":false},"version":2}},"categories":[17],"tags":[],"class_list":["post-772","post","type-post","status-publish","format-standard","has-post-thumbnail","hentry","category-comercio"],"jetpack_publicize_connections":[],"jetpack_featured_media_url":"https:\/\/i0.wp.com\/oexpressobr.com.br\/wp-content\/uploads\/2025\/12\/IMG-20251215-WA0332.jpg?fit=750%2C500&ssl=1","jetpack_likes_enabled":true,"jetpack_sharing_enabled":true,"_links":{"self":[{"href":"https:\/\/oexpressobr.com.br\/index.php?rest_route=\/wp\/v2\/posts\/772","targetHints":{"allow":["GET"]}}],"collection":[{"href":"https:\/\/oexpressobr.com.br\/index.php?rest_route=\/wp\/v2\/posts"}],"about":[{"href":"https:\/\/oexpressobr.com.br\/index.php?rest_route=\/wp\/v2\/types\/post"}],"author":[{"embeddable":true,"href":"https:\/\/oexpressobr.com.br\/index.php?rest_route=\/wp\/v2\/users\/1"}],"replies":[{"embeddable":true,"href":"https:\/\/oexpressobr.com.br\/index.php?rest_route=%2Fwp%2Fv2%2Fcomments&post=772"}],"version-history":[{"count":1,"href":"https:\/\/oexpressobr.com.br\/index.php?rest_route=\/wp\/v2\/posts\/772\/revisions"}],"predecessor-version":[{"id":774,"href":"https:\/\/oexpressobr.com.br\/index.php?rest_route=\/wp\/v2\/posts\/772\/revisions\/774"}],"wp:featuredmedia":[{"embeddable":true,"href":"https:\/\/oexpressobr.com.br\/index.php?rest_route=\/wp\/v2\/media\/773"}],"wp:attachment":[{"href":"https:\/\/oexpressobr.com.br\/index.php?rest_route=%2Fwp%2Fv2%2Fmedia&parent=772"}],"wp:term":[{"taxonomy":"category","embeddable":true,"href":"https:\/\/oexpressobr.com.br\/index.php?rest_route=%2Fwp%2Fv2%2Fcategories&post=772"},{"taxonomy":"post_tag","embeddable":true,"href":"https:\/\/oexpressobr.com.br\/index.php?rest_route=%2Fwp%2Fv2%2Ftags&post=772"}],"curies":[{"name":"wp","href":"https:\/\/api.w.org\/{rel}","templated":true}]}}