{"id":775,"date":"2025-12-15T21:00:25","date_gmt":"2025-12-16T00:00:25","guid":{"rendered":"https:\/\/oexpressobr.com.br\/?p=775"},"modified":"2025-12-15T21:00:26","modified_gmt":"2025-12-16T00:00:26","slug":"temporal-derruba-estatua-da-havan-em-guaiba-e-defesa-civil-alerta-sobre-chegada-de-ventos-fortes-a-sao-paulo","status":"publish","type":"post","link":"https:\/\/oexpressobr.com.br\/?p=775","title":{"rendered":"Temporal derruba est\u00e1tua da Havan em Gua\u00edba e Defesa Civil alerta sobre chegada de ventos fortes a S\u00e3o Paulo"},"content":{"rendered":"\n<p class=\"wp-block-paragraph\">Uma forte tempestade atingiu a Regi\u00e3o Metropolitana de Porto Alegre (RS) nesta segunda-feira (15), causando diversos estragos e culminando na queda de parte da emblem\u00e1tica est\u00e1tua da Havan, r\u00e9plica da Est\u00e1tua da Liberdade, localizada em frente \u00e0 loja da rede varejista na cidade de Gua\u00edba.<\/p>\n\n\n\n<h3 class=\"wp-block-heading\">\u200bEst\u00e1tua da Havan em Gua\u00edba Desaba com Ventos Intensos<\/h3>\n\n\n\n<p class=\"wp-block-paragraph\">\u200bO incidente ocorreu durante a passagem do temporal, que motivou a Defesa Civil do Rio Grande do Sul a emitir um <strong>alerta vermelho de desastre severo e extremo<\/strong> para a regi\u00e3o, prevendo ventos que poderiam ultrapassar os <strong>90 km\/h<\/strong>. Segundo a Havan, a est\u00e1tua, que mede 35 metros de altura total, teve sua estrutura de 24 metros (a est\u00e1tua em si) derrubada pela for\u00e7a do vento.<\/p>\n\n\n\n<ul class=\"wp-block-list\">\n<li>\u200bA est\u00e1tua estava instalada no local desde a inaugura\u00e7\u00e3o da megaloja em 2020.<\/li>\n\n\n\n<li>\u200bA empresa informou que, apesar da queda, <strong>n\u00e3o houve registro de feridos<\/strong> ou danos materiais a clientes e que a \u00e1rea foi imediatamente isolada.<\/li>\n\n\n\n<li>\u200bEm nota, a Havan assegurou que suas est\u00e1tuas possuem <strong>Anota\u00e7\u00e3o de Responsabilidade T\u00e9cnica (ART)<\/strong> e que ser\u00e1 realizada uma vistoria t\u00e9cnica para apurar as causas do ocorrido e definir as pr\u00f3ximas a\u00e7\u00f5es.<\/li>\n\n\n\n<li>\u200bAl\u00e9m da queda do monumento, o temporal provocou destelhamentos, queda de \u00e1rvores, alagamentos e cortes de luz em v\u00e1rios munic\u00edpios da regi\u00e3o metropolitana. Em Canoas, por exemplo, os ventos atingiram 96,3 \\text{ km\/h}.<\/li>\n<\/ul>\n\n\n\n<h3 class=\"wp-block-heading\">\u200bAlerta se Estende para S\u00e3o Paulo e Sudeste<\/h3>\n\n\n\n<p class=\"wp-block-paragraph\">\u200bAs condi\u00e7\u00f5es clim\u00e1ticas adversas que atingiram o Sul do pa\u00eds fazem parte de um sistema que avan\u00e7a e deve afetar a regi\u00e3o Sudeste. A capital paulista, S\u00e3o Paulo, est\u00e1 sob alerta.<\/p>\n\n\n\n<ul class=\"wp-block-list\">\n<li>\u200bA previs\u00e3o para a cidade de S\u00e3o Paulo (SP) indica a possibilidade de chuvas intensas e tempestades nos pr\u00f3ximos dias, em decorr\u00eancia do avan\u00e7o da frente fria e de \u00e1reas de instabilidade.<\/li>\n\n\n\n<li>\u200bPara a ter\u00e7a-feira (16), a previs\u00e3o do tempo aponta para <strong>chuva leve<\/strong> com 75% de chance de precipita\u00e7\u00e3o e temperatura m\u00e1xima de 29\\text{\u00b0C}.<\/li>\n\n\n\n<li>\u200bEmbora a principal preocupa\u00e7\u00e3o no Sul tenha sido com os ventos fortes, o alerta no Sudeste foca na possibilidade de chuvas volumosas e pancadas isoladas que podem causar alagamentos e transtornos.<\/li>\n<\/ul>\n\n\n\n<p class=\"wp-block-paragraph\">\u200bAs autoridades recomendam que a popula\u00e7\u00e3o do Sudeste e, principalmente, da capital paulista, se mantenha informada sobre os avisos da Defesa Civil e adote medidas de seguran\u00e7a, como evitar \u00e1reas de risco e procurar abrigo seguro.<\/p>\n","protected":false},"excerpt":{"rendered":"<p>Uma forte tempestade atingiu a Regi\u00e3o Metropolitana de Porto Alegre (RS) nesta segunda-feira (15), causando diversos estragos e culminando na queda de parte da emblem\u00e1tica [&#8230;]<\/p>\n","protected":false},"author":1,"featured_media":776,"comment_status":"closed","ping_status":"closed","sticky":false,"template":"","format":"standard","meta":{"_crdt_document":"","_jetpack_memberships_contains_paid_content":false,"footnotes":"","jetpack_publicize_message":"","jetpack_publicize_feature_enabled":true,"jetpack_social_post_already_shared":false,"jetpack_social_options":{"image_generator_settings":{"template":"highway","default_image_id":0,"font":"","enabled":false},"version":2}},"categories":[32],"tags":[],"class_list":["post-775","post","type-post","status-publish","format-standard","has-post-thumbnail","hentry","category-meio-ambiente"],"jetpack_publicize_connections":[],"jetpack_featured_media_url":"https:\/\/i0.wp.com\/oexpressobr.com.br\/wp-content\/uploads\/2025\/12\/IMG-20251215-WA0336.jpg?fit=750%2C500&ssl=1","jetpack_likes_enabled":true,"jetpack_sharing_enabled":true,"_links":{"self":[{"href":"https:\/\/oexpressobr.com.br\/index.php?rest_route=\/wp\/v2\/posts\/775","targetHints":{"allow":["GET"]}}],"collection":[{"href":"https:\/\/oexpressobr.com.br\/index.php?rest_route=\/wp\/v2\/posts"}],"about":[{"href":"https:\/\/oexpressobr.com.br\/index.php?rest_route=\/wp\/v2\/types\/post"}],"author":[{"embeddable":true,"href":"https:\/\/oexpressobr.com.br\/index.php?rest_route=\/wp\/v2\/users\/1"}],"replies":[{"embeddable":true,"href":"https:\/\/oexpressobr.com.br\/index.php?rest_route=%2Fwp%2Fv2%2Fcomments&post=775"}],"version-history":[{"count":1,"href":"https:\/\/oexpressobr.com.br\/index.php?rest_route=\/wp\/v2\/posts\/775\/revisions"}],"predecessor-version":[{"id":777,"href":"https:\/\/oexpressobr.com.br\/index.php?rest_route=\/wp\/v2\/posts\/775\/revisions\/777"}],"wp:featuredmedia":[{"embeddable":true,"href":"https:\/\/oexpressobr.com.br\/index.php?rest_route=\/wp\/v2\/media\/776"}],"wp:attachment":[{"href":"https:\/\/oexpressobr.com.br\/index.php?rest_route=%2Fwp%2Fv2%2Fmedia&parent=775"}],"wp:term":[{"taxonomy":"category","embeddable":true,"href":"https:\/\/oexpressobr.com.br\/index.php?rest_route=%2Fwp%2Fv2%2Fcategories&post=775"},{"taxonomy":"post_tag","embeddable":true,"href":"https:\/\/oexpressobr.com.br\/index.php?rest_route=%2Fwp%2Fv2%2Ftags&post=775"}],"curies":[{"name":"wp","href":"https:\/\/api.w.org\/{rel}","templated":true}]}}