{"id":792,"date":"2025-12-17T19:56:51","date_gmt":"2025-12-17T22:56:51","guid":{"rendered":"https:\/\/oexpressobr.com.br\/?p=792"},"modified":"2025-12-17T19:56:52","modified_gmt":"2025-12-17T22:56:52","slug":"pesquisa-indica-indefinicao-de-quase-60-do-eleitorado-de-maringa-e-regiao-para-a-camara-federal-fahur-ulisses-e-barros-lideram","status":"publish","type":"post","link":"https:\/\/oexpressobr.com.br\/?p=792","title":{"rendered":"Pesquisa indica indefini\u00e7\u00e3o de quase 60% do eleitorado de Maring\u00e1 e regi\u00e3o para a C\u00e2mara Federal; Fahur, Ulisses e Barros lideram"},"content":{"rendered":"\n<p class=\"wp-block-paragraph\"><br>A menos de um ano das conven\u00e7\u00f5es partid\u00e1rias para as elei\u00e7\u00f5es de 2026, o cen\u00e1rio para a C\u00e2mara Federal em Maring\u00e1 e regi\u00e3o metropolitana revela um eleitorado ainda distante do debate pol\u00edtico. Segundo levantamento recente realizado presencialmente, 59,3% dos entrevistados afirmaram estar indecisos, votariam em branco\/nulo ou n\u00e3o escolheram nenhum dos nomes apresentados.<br>A pulveriza\u00e7\u00e3o de votos e o alto \u00edndice de indecis\u00e3o sugerem que a disputa pelas cadeiras em Bras\u00edlia ainda n\u00e3o engrenou na mente do cidad\u00e3o comum, mesmo com nomes de peso da pol\u00edtica paranaense no tabuleiro.<br>O cen\u00e1rio entre os nomes lembrados<br>Entre os candidatos citados na pesquisa estimulada, o Sargento Fahur (PSD) aparece na lideran\u00e7a num\u00e9rica com 8,6%. O parlamentar, que recentemente foi premiado como o melhor deputado federal do Paran\u00e1 pelo Pr\u00eamio Congresso em Foco 2025, mant\u00e9m sua base consolidada em pautas de seguran\u00e7a p\u00fablica.<br>Logo atr\u00e1s, em empate t\u00e9cnico dentro da margem de erro, aparecem o ex-prefeito de Maring\u00e1 e atual Secret\u00e1rio de Planejamento do Estado, Ulisses Maia (PSD), com 8%, e o ex-ministro Ricardo Barros (PP), com 7,2%.<br>Confira o desempenho dos 10 nomes apresentados:<\/p>\n\n\n\n<figure class=\"wp-block-table\"><table class=\"has-fixed-layout\"><thead><tr><th>Candidato<\/th><th>Porcentagem (%)<\/th><\/tr><\/thead><tbody><tr><td>Sargento Fahur (PSD)<\/td><td>8,6%<\/td><\/tr><tr><td>Ulisses Maia (PSD)<\/td><td>8,0%<\/td><\/tr><tr><td>Ricardo Barros (PP)<\/td><td>7,2%<\/td><\/tr><tr><td>Luiz Nishimori (PL)<\/td><td>6,0%<\/td><\/tr><tr><td>Mariucci (PT)<\/td><td>2,8%<\/td><\/tr><tr><td>Delegado Francischini (Solidariedade)<\/td><td>2,3%<\/td><\/tr><tr><td>Beto Preto (PSD)<\/td><td>2,0%<\/td><\/tr><tr><td>Lu\u00edsa Canziani (PSD)<\/td><td>1,6%<\/td><\/tr><tr><td>Felipe Francischini (PODE)<\/td><td>1,2%<\/td><\/tr><tr><td>Ducci (PSB)<\/td><td>1,0%<\/td><\/tr><tr><td>Indecisos, outros, nenhum<\/td><td>59,3%<\/td><\/tr><tr><td>An\u00e1lise do contexto pol\u00edtico atual<\/td><td><\/td><\/tr><tr><td>A presen\u00e7a de Ulisses Maia no topo da lista reflete sua transi\u00e7\u00e3o da prefeitura de Maring\u00e1 para o governo estadual sob a gest\u00e3o de Ratinho J\u00fanior (PSD). Sua atua\u00e7\u00e3o como Secret\u00e1rio de Planejamento em 2025 tem servido como vitrine para consolidar sua imagem na regi\u00e3o metropolitana, visando o salto para o Congresso Nacional.<\/td><td><\/td><\/tr><tr><td>J\u00e1 Ricardo Barros, um dos articuladores mais experientes do estado, continua figurando entre os favoritos, utilizando sua influ\u00eancia no PP e sua proximidade com grandes projetos de infraestrutura na regi\u00e3o. Luiz Nishimori (PL), com 6%, demonstra resili\u00eancia em sua base eleitoral tradicional ligada ao setor produtivo e \u00e0 comunidade nipo-brasileira.<\/td><td><\/td><\/tr><tr><td>Metodologia da pesquisa<\/td><td><\/td><\/tr><tr><td>O levantamento foi realizado presencialmente nos munic\u00edpios de Maring\u00e1, Sarandi, Marialva, Mandaguari, Mandagua\u00e7u e Pai\u00e7andu.<\/td><td><\/td><\/tr><\/tbody><\/table><\/figure>\n\n\n\n<ul class=\"wp-block-list\">\n<li>Margem de erro: 2 pontos percentuais para mais ou para menos.<\/li>\n\n\n\n<li>Intervalo de confian\u00e7a: 95%.<br>O dado mais relevante da amostragem, contudo, permanece sendo o v\u00e1cuo de representatividade: quase 6 em cada 10 eleitores da regi\u00e3o ainda n\u00e3o se sentem representados ou n\u00e3o decidiram em quem confiar seu voto para deputado federal, o que abre espa\u00e7o para reviravoltas e o surgimento de novos nomes at\u00e9 o pleito de outubro de 2026.<br><\/li>\n<\/ul>\n\n\n\n<figure class=\"wp-block-table\"><table class=\"has-fixed-layout\"><thead><tr><th>Candidato<\/th><th>Porcentagem (%)<\/th><\/tr><\/thead><tbody><tr><td>Sargento Fahur (PSD)<\/td><td>8,6%<\/td><\/tr><tr><td>Ulisses Maia (PSD)<\/td><td>8,0%<\/td><\/tr><tr><td>Ricardo Barros (PP)<\/td><td>7,2%<\/td><\/tr><tr><td>Luiz Nishimori (PL)<\/td><td>6,0%<\/td><\/tr><tr><td>Mariucci (PT)<\/td><td>2,8%<\/td><\/tr><tr><td>Delegado Francischini (Solidariedade)<\/td><td>2,3%<\/td><\/tr><tr><td>Beto Preto (PSD)<\/td><td>2,0%<\/td><\/tr><tr><td>Lu\u00edsa Canziani (PSD)<\/td><td>1,6%<\/td><\/tr><tr><td>Felipe Francischini (PODE)<\/td><td>1,2%<\/td><\/tr><tr><td>Ducci (PSB)<\/td><td>1,0%<\/td><\/tr><tr><td>Indecisos, outros, nenhum<\/td><td>59,3%<\/td><\/tr><tr><td>An\u00e1lise do contexto pol\u00edtico atual<\/td><td><\/td><\/tr><tr><td>A presen\u00e7a de Ulisses Maia no topo da lista reflete sua transi\u00e7\u00e3o da prefeitura de Maring\u00e1 para o governo estadual sob a gest\u00e3o de Ratinho J\u00fanior (PSD). Sua atua\u00e7\u00e3o como Secret\u00e1rio de Planejamento em 2025 tem servido como vitrine para consolidar sua imagem na regi\u00e3o metropolitana, visando o salto para o Congresso Nacional.<\/td><td><\/td><\/tr><tr><td>J\u00e1 Ricardo Barros, um dos articuladores mais experientes do estado, continua figurando entre os favoritos, utilizando sua influ\u00eancia no PP e sua proximidade com grandes projetos de infraestrutura na regi\u00e3o. Luiz Nishimori (PL), com 6%, demonstra resili\u00eancia em sua base eleitoral tradicional ligada ao setor produtivo e \u00e0 comunidade nipo-brasileira.<\/td><td><\/td><\/tr><tr><td>Metodologia da pesquisa<\/td><td><\/td><\/tr><tr><td>O levantamento foi realizado presencialmente nos munic\u00edpios de Maring\u00e1, Sarandi, Marialva, Mandaguari, Mandagua\u00e7u e Pai\u00e7andu.<\/td><td><\/td><\/tr><\/tbody><\/table><\/figure>\n\n\n\n<ul class=\"wp-block-list\">\n<li>Margem de erro: 2 pontos percentuais para mais ou para menos.<\/li>\n\n\n\n<li>Intervalo de confian\u00e7a: 95%.<br>O dado mais relevante da amostragem, contudo, permanece sendo o v\u00e1cuo de representatividade: quase 6 em cada 10 eleitores da regi\u00e3o ainda n\u00e3o se sentem representados ou n\u00e3o decidiram em quem confiar seu voto para deputado federal, o que abre espa\u00e7o para reviravoltas e o surgimento de novos nomes at\u00e9 o pleito de outubro de 2026.<br><\/li>\n<\/ul>\n\n\n\n<p class=\"wp-block-paragraph\"><\/p>\n","protected":false},"excerpt":{"rendered":"<p>A menos de um ano das conven\u00e7\u00f5es partid\u00e1rias para as elei\u00e7\u00f5es de 2026, o cen\u00e1rio para a C\u00e2mara Federal em Maring\u00e1 e regi\u00e3o metropolitana revela [&#8230;]<\/p>\n","protected":false},"author":1,"featured_media":793,"comment_status":"open","ping_status":"open","sticky":false,"template":"","format":"standard","meta":{"_crdt_document":"","_jetpack_memberships_contains_paid_content":false,"footnotes":"","jetpack_publicize_message":"","jetpack_publicize_feature_enabled":true,"jetpack_social_post_already_shared":false,"jetpack_social_options":{"image_generator_settings":{"template":"highway","default_image_id":0,"font":"","enabled":false},"version":2}},"categories":[5],"tags":[],"class_list":["post-792","post","type-post","status-publish","format-standard","has-post-thumbnail","hentry","category-parana"],"jetpack_publicize_connections":[],"jetpack_featured_media_url":"https:\/\/i0.wp.com\/oexpressobr.com.br\/wp-content\/uploads\/2025\/12\/IMG-20251217-WA0197.jpg?fit=1206%2C1145&ssl=1","jetpack_likes_enabled":true,"jetpack_sharing_enabled":true,"_links":{"self":[{"href":"https:\/\/oexpressobr.com.br\/index.php?rest_route=\/wp\/v2\/posts\/792","targetHints":{"allow":["GET"]}}],"collection":[{"href":"https:\/\/oexpressobr.com.br\/index.php?rest_route=\/wp\/v2\/posts"}],"about":[{"href":"https:\/\/oexpressobr.com.br\/index.php?rest_route=\/wp\/v2\/types\/post"}],"author":[{"embeddable":true,"href":"https:\/\/oexpressobr.com.br\/index.php?rest_route=\/wp\/v2\/users\/1"}],"replies":[{"embeddable":true,"href":"https:\/\/oexpressobr.com.br\/index.php?rest_route=%2Fwp%2Fv2%2Fcomments&post=792"}],"version-history":[{"count":1,"href":"https:\/\/oexpressobr.com.br\/index.php?rest_route=\/wp\/v2\/posts\/792\/revisions"}],"predecessor-version":[{"id":794,"href":"https:\/\/oexpressobr.com.br\/index.php?rest_route=\/wp\/v2\/posts\/792\/revisions\/794"}],"wp:featuredmedia":[{"embeddable":true,"href":"https:\/\/oexpressobr.com.br\/index.php?rest_route=\/wp\/v2\/media\/793"}],"wp:attachment":[{"href":"https:\/\/oexpressobr.com.br\/index.php?rest_route=%2Fwp%2Fv2%2Fmedia&parent=792"}],"wp:term":[{"taxonomy":"category","embeddable":true,"href":"https:\/\/oexpressobr.com.br\/index.php?rest_route=%2Fwp%2Fv2%2Fcategories&post=792"},{"taxonomy":"post_tag","embeddable":true,"href":"https:\/\/oexpressobr.com.br\/index.php?rest_route=%2Fwp%2Fv2%2Ftags&post=792"}],"curies":[{"name":"wp","href":"https:\/\/api.w.org\/{rel}","templated":true}]}}