{"id":799,"date":"2025-12-17T20:55:17","date_gmt":"2025-12-17T23:55:17","guid":{"rendered":"https:\/\/oexpressobr.com.br\/?p=799"},"modified":"2025-12-17T20:55:18","modified_gmt":"2025-12-17T23:55:18","slug":"governo-federal-confirma-salario-minimo-de-r-1-621-para-2026-com-ganho-real","status":"publish","type":"post","link":"https:\/\/oexpressobr.com.br\/?p=799","title":{"rendered":"Governo federal confirma sal\u00e1rio m\u00ednimo de R$ 1.621 para 2026 com ganho real"},"content":{"rendered":"\n<p class=\"wp-block-paragraph\">Governo federal confirma sal\u00e1rio m\u00ednimo de R$ 1.621 para 2026 com ganho real<br>O Minist\u00e9rio do Planejamento e Or\u00e7amento oficializou que o sal\u00e1rio m\u00ednimo no Brasil subir\u00e1 para R$ 1.621 a partir de 1\u00ba de janeiro de 2026. O novo valor, que representa um aumento de R$ 103 em rela\u00e7\u00e3o aos atuais R$ 1.518, reflete a pol\u00edtica de valoriza\u00e7\u00e3o do governo federal, combinando a corre\u00e7\u00e3o pela infla\u00e7\u00e3o com o crescimento do Produto Interno Bruto (PIB).<br>Embora o montante assegure um ganho real ao trabalhador, o valor final ficou ligeiramente abaixo das estimativas iniciais de R$ 1.631 previstas no Projeto de Lei Or\u00e7ament\u00e1ria. Essa varia\u00e7\u00e3o ocorreu devido \u00e0 desacelera\u00e7\u00e3o do \u00cdndice Nacional de Pre\u00e7os ao Consumidor (INPC), que fechou em 4,18% no acumulado de 12 meses at\u00e9 novembro, servindo de base para o c\u00e1lculo final.<br>O impacto no bolso e nos benef\u00edcios<br>A mudan\u00e7a n\u00e3o altera apenas o contracheque dos trabalhadores da iniciativa privada, mas serve de indexador para uma s\u00e9rie de benef\u00edcios sociais e obriga\u00e7\u00f5es fiscais.<\/p>\n\n\n\n<ul class=\"wp-block-list\">\n<li>Aposentadorias e Pens\u00f5es: O piso dos benef\u00edcios do INSS passa a ser de R$ 1.621.<\/li>\n\n\n\n<li>Seguro-Desemprego: O valor m\u00ednimo pago ao trabalhador demitido sem justa causa acompanhar\u00e1 o novo piso nacional.<\/li>\n\n\n\n<li>BPC (Benef\u00edcio de Presta\u00e7\u00e3o Continuada): Idosos e pessoas com defici\u00eancia de baixa renda receber\u00e3o o valor integral do novo m\u00ednimo.<\/li>\n\n\n\n<li>Abono Salarial (PIS\/Pasep): O teto do benef\u00edcio passa a ser de R$ 1.621 para quem trabalhou os 12 meses do ano-base.<\/li>\n\n\n\n<li>Contribui\u00e7\u00e3o do MEI: O valor mensal pago pelos Microempreendedores Individuais tamb\u00e9m ser\u00e1 reajustado, j\u00e1 que o c\u00e1lculo da previd\u00eancia \u00e9 baseado em 5% do sal\u00e1rio m\u00ednimo.<br>Regra de c\u00e1lculo e ajuste fiscal<br>O reajuste de 6,79% foi definido pela f\u00f3rmula que soma a infla\u00e7\u00e3o (INPC) dos \u00faltimos 12 meses mais a varia\u00e7\u00e3o do PIB de dois anos anteriores (2024), respeitando as travas do Arcabou\u00e7o Fiscal. Pelas regras vigentes, o ganho real (acima da infla\u00e7\u00e3o) deve ficar entre 0,6% e 2,5%.<\/li>\n<\/ul>\n\n\n\n<blockquote class=\"wp-block-quote is-layout-flow wp-block-quote-is-layout-flow\">\n<p class=\"wp-block-paragraph\">&#8220;O ajuste ser\u00e1 dado em janeiro, como refer\u00eancia para ser pago a partir de fevereiro&#8221;, informou o Minist\u00e9rio, refor\u00e7ando que o impacto nas contas p\u00fablicas deve girar em torno de R$ 43,2 bilh\u00f5es em despesas obrigat\u00f3rias para o pr\u00f3ximo ano.<\/p>\n\n\n\n<p class=\"wp-block-paragraph\">Tabela de evolu\u00e7\u00e3o do reajuste<\/p>\n\n\n\n<figure class=\"wp-block-table\"><table class=\"has-fixed-layout\"><thead><tr><th>Ano<\/th><th>Valor (R$)<\/th><th>Reajuste (%)<\/th><\/tr><\/thead><tbody><tr><td>2025<\/td><td>1.518<\/td><td>&#8211;<\/td><\/tr><tr><td>2026<\/td><td>1.621<\/td><td>6,79%<\/td><\/tr><tr><td>O novo valor entra em vigor no primeiro dia de 2026, com os primeiros pagamentos corrigidos sendo efetuados nos primeiros dias de fevereiro.<\/td><td><\/td><td><\/td><\/tr><tr><td>Deseja que eu elabore uma tabela detalhada com os novos valores das contribui\u00e7\u00f5es previdenci\u00e1rias para 2026?<\/td><td><\/td><td><\/td><\/tr><\/tbody><\/table><\/figure>\n<\/blockquote>\n\n\n\n<p class=\"wp-block-paragraph\">O novo valor entra em vigor no primeiro dia de 2026, com os primeiros pagamentos corrigidos sendo efetuados nos primeiros dias de fevereiro.<\/p>\n\n\n\n<p class=\"wp-block-paragraph\"><\/p>\n","protected":false},"excerpt":{"rendered":"<p>Governo federal confirma sal\u00e1rio m\u00ednimo de R$ 1.621 para 2026 com ganho realO Minist\u00e9rio do Planejamento e Or\u00e7amento oficializou que o sal\u00e1rio m\u00ednimo no Brasil [&#8230;]<\/p>\n","protected":false},"author":1,"featured_media":800,"comment_status":"open","ping_status":"open","sticky":false,"template":"","format":"standard","meta":{"_crdt_document":"","_jetpack_memberships_contains_paid_content":false,"footnotes":"","jetpack_publicize_message":"","jetpack_publicize_feature_enabled":true,"jetpack_social_post_already_shared":false,"jetpack_social_options":{"image_generator_settings":{"template":"highway","default_image_id":0,"font":"","enabled":false},"version":2}},"categories":[10],"tags":[],"class_list":["post-799","post","type-post","status-publish","format-standard","has-post-thumbnail","hentry","category-economia"],"jetpack_publicize_connections":[],"jetpack_featured_media_url":"https:\/\/i0.wp.com\/oexpressobr.com.br\/wp-content\/uploads\/2025\/12\/IMG-20251217-WA0224.jpg?fit=1024%2C1280&ssl=1","jetpack_likes_enabled":true,"jetpack_sharing_enabled":true,"_links":{"self":[{"href":"https:\/\/oexpressobr.com.br\/index.php?rest_route=\/wp\/v2\/posts\/799","targetHints":{"allow":["GET"]}}],"collection":[{"href":"https:\/\/oexpressobr.com.br\/index.php?rest_route=\/wp\/v2\/posts"}],"about":[{"href":"https:\/\/oexpressobr.com.br\/index.php?rest_route=\/wp\/v2\/types\/post"}],"author":[{"embeddable":true,"href":"https:\/\/oexpressobr.com.br\/index.php?rest_route=\/wp\/v2\/users\/1"}],"replies":[{"embeddable":true,"href":"https:\/\/oexpressobr.com.br\/index.php?rest_route=%2Fwp%2Fv2%2Fcomments&post=799"}],"version-history":[{"count":1,"href":"https:\/\/oexpressobr.com.br\/index.php?rest_route=\/wp\/v2\/posts\/799\/revisions"}],"predecessor-version":[{"id":801,"href":"https:\/\/oexpressobr.com.br\/index.php?rest_route=\/wp\/v2\/posts\/799\/revisions\/801"}],"wp:featuredmedia":[{"embeddable":true,"href":"https:\/\/oexpressobr.com.br\/index.php?rest_route=\/wp\/v2\/media\/800"}],"wp:attachment":[{"href":"https:\/\/oexpressobr.com.br\/index.php?rest_route=%2Fwp%2Fv2%2Fmedia&parent=799"}],"wp:term":[{"taxonomy":"category","embeddable":true,"href":"https:\/\/oexpressobr.com.br\/index.php?rest_route=%2Fwp%2Fv2%2Fcategories&post=799"},{"taxonomy":"post_tag","embeddable":true,"href":"https:\/\/oexpressobr.com.br\/index.php?rest_route=%2Fwp%2Fv2%2Ftags&post=799"}],"curies":[{"name":"wp","href":"https:\/\/api.w.org\/{rel}","templated":true}]}}