{"id":831,"date":"2025-12-18T11:22:47","date_gmt":"2025-12-18T14:22:47","guid":{"rendered":"https:\/\/oexpressobr.com.br\/?p=831"},"modified":"2025-12-18T11:22:48","modified_gmt":"2025-12-18T14:22:48","slug":"caiado-lidera-ranking-de-aprovacao-enquanto-ratinho-junior-mantem-estabilidade-no-parana","status":"publish","type":"post","link":"https:\/\/oexpressobr.com.br\/?p=831","title":{"rendered":"CAIADO lidera ranking de aprova\u00e7\u00e3o enquanto Ratinho Junior mant\u00e9m estabilidade no Paran\u00e1"},"content":{"rendered":"\n<p class=\"wp-block-paragraph\">CAIADO lidera ranking de aprova\u00e7\u00e3o enquanto Ratinho Junior mant\u00e9m estabilidade no Paran\u00e1<br>O cen\u00e1rio pol\u00edtico nacional ganha novos contornos com a divulga\u00e7\u00e3o do &#8220;Ranking de Governadores 2025&#8221; pela AtlasIntel, nesta quarta-feira (17). O levantamento, que avaliou o desempenho dos 27 chefes de Executivo estaduais, aponta o governador de Goi\u00e1s, Ronaldo Caiado (Uni\u00e3o Brasil), como o mais bem avaliado do pa\u00eds, atingindo a marca de 80% de aprova\u00e7\u00e3o.<br>Na outra ponta da tabela, a crise de popularidade se acentua na regi\u00e3o Norte. O governador do Amazonas, Wilson Lima (Uni\u00e3o Brasil), amarga a \u00faltima posi\u00e7\u00e3o do ranking nacional, com apenas 25% de aprova\u00e7\u00e3o e uma rejei\u00e7\u00e3o que chega a 65%.<br>O desempenho de Ratinho Junior e o cen\u00e1rio regional<br>Embora a percep\u00e7\u00e3o de que o governador do Paran\u00e1, Ratinho Junior (PSD), esteja &#8220;caindo a cada dia&#8221; circule em debates pol\u00edticos, os dados t\u00e9cnicos mostram um cen\u00e1rio de estabilidade com leve oscila\u00e7\u00e3o. No ranking nacional da AtlasIntel, Ratinho Junior ocupa a 6\u00aa posi\u00e7\u00e3o, com 63% de aprova\u00e7\u00e3o e 30% de desaprova\u00e7\u00e3o.<br>Apesar de o \u00edndice na pesquisa Atlas ser numericamente inferior aos 84% registrados pelo instituto Paran\u00e1 Pesquisas em novembro deste ano, analistas apontam que a gest\u00e3o paranaense mant\u00e9m f\u00f4lego, especialmente em \u00e1reas estrat\u00e9gicas:<\/p>\n\n\n\n<ul class=\"wp-block-list\">\n<li>Infraestrutura: O Paran\u00e1 figura na 3\u00aa posi\u00e7\u00e3o nacional em obras p\u00fablicas.<\/li>\n\n\n\n<li>Educa\u00e7\u00e3o e Agroneg\u00f3cio: Setores que continuam sendo o pilar de sustenta\u00e7\u00e3o da popularidade do governador.<\/li>\n\n\n\n<li>A\u00e7\u00f5es recentes: Na \u00faltima semana, o governador sancionou a reestrutura\u00e7\u00e3o de carreiras de servidores estaduais e autorizou novos cursos de Medicina no interior, tentando mitigar o desgaste com o funcionalismo p\u00fablico.<br>Os destaques do Top 10<br>O ranking da AtlasIntel revela um dom\u00ednio de governadores de partidos de centro e direita nas primeiras posi\u00e7\u00f5es, com raras exce\u00e7\u00f5es. Confira os cinco primeiros:<br>| Posi\u00e7\u00e3o | Governador | Estado | Aprova\u00e7\u00e3o |<br>|&#8212;|&#8212;|&#8212;|&#8212;|<br>| 1\u00ba | Ronaldo Caiado | Goi\u00e1s | 80% |<br>| 2\u00ba | Rafael Fonteles | Piau\u00ed | 69% |<br>| 3\u00ba | Helder Barbalho | Par\u00e1 | 66% |<br>| 4\u00ba | Mauro Mendes | Mato Grosso | 64% |<br>| 5\u00ba | Jorginho Mello | Santa Catarina | 63,5% |<br>An\u00e1lise e pr\u00f3ximos passos<br>O levantamento da AtlasIntel foi realizado entre outubro e dezembro de 2025, ouvindo mais de 200 mil eleitores em todo o Brasil. Os resultados servem como um term\u00f4metro decisivo para as articula\u00e7\u00f5es das elei\u00e7\u00f5es de 2026, onde nomes como Caiado e o pr\u00f3prio Ratinho Junior s\u00e3o frequentemente ventilados para a disputa presidencial ou composi\u00e7\u00f5es de chapa nacional.<br><\/li>\n<\/ul>\n\n\n\n<p class=\"wp-block-paragraph\"><\/p>\n","protected":false},"excerpt":{"rendered":"<p>CAIADO lidera ranking de aprova\u00e7\u00e3o enquanto Ratinho Junior mant\u00e9m estabilidade no Paran\u00e1O cen\u00e1rio pol\u00edtico nacional ganha novos contornos com a divulga\u00e7\u00e3o do &#8220;Ranking de Governadores [&#8230;]<\/p>\n","protected":false},"author":1,"featured_media":832,"comment_status":"open","ping_status":"open","sticky":false,"template":"","format":"standard","meta":{"_crdt_document":"","_jetpack_memberships_contains_paid_content":false,"footnotes":"","jetpack_publicize_message":"","jetpack_publicize_feature_enabled":true,"jetpack_social_post_already_shared":true,"jetpack_social_options":{"image_generator_settings":{"template":"highway","default_image_id":0,"font":"","enabled":false},"version":2}},"categories":[7],"tags":[],"class_list":["post-831","post","type-post","status-publish","format-standard","has-post-thumbnail","hentry","category-politica"],"jetpack_publicize_connections":[],"jetpack_featured_media_url":"https:\/\/i0.wp.com\/oexpressobr.com.br\/wp-content\/uploads\/2025\/12\/Caiado.jpg?fit=824%2C464&ssl=1","jetpack_likes_enabled":true,"jetpack_sharing_enabled":true,"_links":{"self":[{"href":"https:\/\/oexpressobr.com.br\/index.php?rest_route=\/wp\/v2\/posts\/831","targetHints":{"allow":["GET"]}}],"collection":[{"href":"https:\/\/oexpressobr.com.br\/index.php?rest_route=\/wp\/v2\/posts"}],"about":[{"href":"https:\/\/oexpressobr.com.br\/index.php?rest_route=\/wp\/v2\/types\/post"}],"author":[{"embeddable":true,"href":"https:\/\/oexpressobr.com.br\/index.php?rest_route=\/wp\/v2\/users\/1"}],"replies":[{"embeddable":true,"href":"https:\/\/oexpressobr.com.br\/index.php?rest_route=%2Fwp%2Fv2%2Fcomments&post=831"}],"version-history":[{"count":1,"href":"https:\/\/oexpressobr.com.br\/index.php?rest_route=\/wp\/v2\/posts\/831\/revisions"}],"predecessor-version":[{"id":833,"href":"https:\/\/oexpressobr.com.br\/index.php?rest_route=\/wp\/v2\/posts\/831\/revisions\/833"}],"wp:featuredmedia":[{"embeddable":true,"href":"https:\/\/oexpressobr.com.br\/index.php?rest_route=\/wp\/v2\/media\/832"}],"wp:attachment":[{"href":"https:\/\/oexpressobr.com.br\/index.php?rest_route=%2Fwp%2Fv2%2Fmedia&parent=831"}],"wp:term":[{"taxonomy":"category","embeddable":true,"href":"https:\/\/oexpressobr.com.br\/index.php?rest_route=%2Fwp%2Fv2%2Fcategories&post=831"},{"taxonomy":"post_tag","embeddable":true,"href":"https:\/\/oexpressobr.com.br\/index.php?rest_route=%2Fwp%2Fv2%2Ftags&post=831"}],"curies":[{"name":"wp","href":"https:\/\/api.w.org\/{rel}","templated":true}]}}