{"id":838,"date":"2025-12-18T16:00:43","date_gmt":"2025-12-18T19:00:43","guid":{"rendered":"https:\/\/oexpressobr.com.br\/?p=838"},"modified":"2025-12-18T16:00:46","modified_gmt":"2025-12-18T19:00:46","slug":"requiao-lidera-para-o-senado-e-requiao-filho-avanca-na-disputa-ao-governo-aponta-pesquisa","status":"publish","type":"post","link":"https:\/\/oexpressobr.com.br\/?p=838","title":{"rendered":"Requi\u00e3o lidera para o Senado e Requi\u00e3o Filho avan\u00e7a na disputa ao governo, aponta pesquisa"},"content":{"rendered":"\n<p class=\"wp-block-paragraph\">\u200bA corrida eleitoral de 2026 no Paran\u00e1 ganha novos contornos com a divulga\u00e7\u00e3o de dados que agitam os bastidores pol\u00edticos. O ex-governador <strong>Roberto Requi\u00e3o (PDT)<\/strong> anunciou nesta semana que lidera as inten\u00e7\u00f5es de voto para o Senado Federal em todos os cen\u00e1rios testados pelo <strong>Instituto Opini\u00e3o<\/strong>. Segundo os n\u00fameros apresentados, o emedebista hist\u00f3rico atinge <strong>42,1%<\/strong> da prefer\u00eancia do eleitorado paranaense.<\/p>\n\n\n\n<p class=\"wp-block-paragraph\">\u200bA not\u00edcia vem acompanhada do fortalecimento de seu filho, o deputado estadual <strong>Requi\u00e3o Filho (PDT)<\/strong>, que aparece consolidado na segunda posi\u00e7\u00e3o na disputa pelo Pal\u00e1cio Igua\u00e7u. O an\u00fancio refor\u00e7a a estrat\u00e9gia da fam\u00edlia Requi\u00e3o de se posicionar como a principal alternativa ao atual grupo pol\u00edtico que comanda o estado.<\/p>\n\n\n\n<h3 class=\"wp-block-heading\">\u200bO cen\u00e1rio para o Senado e Governo<\/h3>\n\n\n\n<p class=\"wp-block-paragraph\">\u200bO otimismo de Roberto Requi\u00e3o foi compartilhado em suas redes sociais, onde ele agradeceu o reconhecimento do eleitorado ao seu hist\u00f3rico administrativo e pol\u00edtico.<\/p>\n\n\n\n<blockquote class=\"wp-block-quote is-layout-flow wp-block-quote-is-layout-flow\">\n<p class=\"wp-block-paragraph\">\u200b&#8221;Instituto Opini\u00e3o me coloca em primeiro lugar para o Senado no Paran\u00e1 em todos os cen\u00e1rios. 42,1 por cento. Requi\u00e3o Filho consolida seu crescimento s\u00f3lido para o governo do estado. Valeu, obrigado Paran\u00e1&#8221;, celebrou o ex-governador.<\/p>\n<\/blockquote>\n\n\n\n<p class=\"wp-block-paragraph\">\u200bEnquanto o pai lidera a corrida para a Casa Alta, <strong>Requi\u00e3o Filho<\/strong> tem colhido frutos de uma postura de oposi\u00e7\u00e3o independente na Assembleia Legislativa (ALEP). Recentemente, o deputado recebeu um apoio de peso: o <strong>Partido dos Trabalhadores (PT)<\/strong> oficializou que deve caminhar junto com o PDT em sua candidatura ao governo, visando criar um palanque progressista forte para o presidente Lula no estado.<\/p>\n\n\n\n<h3 class=\"wp-block-heading\">\u200bArticula\u00e7\u00f5es e concorr\u00eancia<\/h3>\n\n\n\n<p class=\"wp-block-paragraph\">\u200bApesar dos n\u00fameros favor\u00e1veis \u00e0 fam\u00edlia Requi\u00e3o, o cen\u00e1rio ainda \u00e9 de intensa fragmenta\u00e7\u00e3o:<\/p>\n\n\n\n<ul class=\"wp-block-list\">\n<li>\u200b<strong>No Governo:<\/strong> Nomes como o do senador <strong>Sergio Moro (Uni\u00e3o)<\/strong> e do prefeito de Curitiba, <strong>Rafael Greca (PSD)<\/strong>, tamb\u00e9m figuram no topo de outros levantamentos, embora enfrentem desafios de rejei\u00e7\u00e3o ou defini\u00e7\u00f5es partid\u00e1rias.<\/li>\n\n\n\n<li>\u200b<strong>No Senado:<\/strong> A disputa promete ser acirrada, com o atual governador <strong>Ratinho J\u00fanior (PSD)<\/strong> sendo cotado como um forte concorrente caso decida renunciar ao mandato para buscar uma das duas cadeiras que estar\u00e3o em jogo em 2026.<\/li>\n<\/ul>\n\n\n\n<h3 class=\"wp-block-heading\">\u200bPr\u00f3ximos passos<\/h3>\n\n\n\n<p class=\"wp-block-paragraph\">\u200bCom o an\u00fancio destes n\u00fameros, a &#8220;briga de narrativas&#8221; deve se intensificar. A consolida\u00e7\u00e3o da marca Requi\u00e3o no interior do estado e o apoio formal de legendas de esquerda colocam a chapa familiar como um eixo central das oposi\u00e7\u00f5es.<\/p>\n","protected":false},"excerpt":{"rendered":"<p>\u200bA corrida eleitoral de 2026 no Paran\u00e1 ganha novos contornos com a divulga\u00e7\u00e3o de dados que agitam os bastidores pol\u00edticos. O ex-governador Roberto Requi\u00e3o (PDT) [&#8230;]<\/p>\n","protected":false},"author":1,"featured_media":839,"comment_status":"open","ping_status":"open","sticky":false,"template":"","format":"standard","meta":{"_crdt_document":"","_jetpack_memberships_contains_paid_content":false,"footnotes":"","jetpack_publicize_message":"","jetpack_publicize_feature_enabled":true,"jetpack_social_post_already_shared":true,"jetpack_social_options":{"image_generator_settings":{"template":"highway","default_image_id":0,"font":"","enabled":false},"version":2}},"categories":[5],"tags":[],"class_list":["post-838","post","type-post","status-publish","format-standard","has-post-thumbnail","hentry","category-parana"],"jetpack_publicize_connections":[],"jetpack_featured_media_url":"https:\/\/i0.wp.com\/oexpressobr.com.br\/wp-content\/uploads\/2025\/12\/1766083684496.jpg?fit=1080%2C812&ssl=1","jetpack_likes_enabled":true,"jetpack_sharing_enabled":true,"_links":{"self":[{"href":"https:\/\/oexpressobr.com.br\/index.php?rest_route=\/wp\/v2\/posts\/838","targetHints":{"allow":["GET"]}}],"collection":[{"href":"https:\/\/oexpressobr.com.br\/index.php?rest_route=\/wp\/v2\/posts"}],"about":[{"href":"https:\/\/oexpressobr.com.br\/index.php?rest_route=\/wp\/v2\/types\/post"}],"author":[{"embeddable":true,"href":"https:\/\/oexpressobr.com.br\/index.php?rest_route=\/wp\/v2\/users\/1"}],"replies":[{"embeddable":true,"href":"https:\/\/oexpressobr.com.br\/index.php?rest_route=%2Fwp%2Fv2%2Fcomments&post=838"}],"version-history":[{"count":1,"href":"https:\/\/oexpressobr.com.br\/index.php?rest_route=\/wp\/v2\/posts\/838\/revisions"}],"predecessor-version":[{"id":840,"href":"https:\/\/oexpressobr.com.br\/index.php?rest_route=\/wp\/v2\/posts\/838\/revisions\/840"}],"wp:featuredmedia":[{"embeddable":true,"href":"https:\/\/oexpressobr.com.br\/index.php?rest_route=\/wp\/v2\/media\/839"}],"wp:attachment":[{"href":"https:\/\/oexpressobr.com.br\/index.php?rest_route=%2Fwp%2Fv2%2Fmedia&parent=838"}],"wp:term":[{"taxonomy":"category","embeddable":true,"href":"https:\/\/oexpressobr.com.br\/index.php?rest_route=%2Fwp%2Fv2%2Fcategories&post=838"},{"taxonomy":"post_tag","embeddable":true,"href":"https:\/\/oexpressobr.com.br\/index.php?rest_route=%2Fwp%2Fv2%2Ftags&post=838"}],"curies":[{"name":"wp","href":"https:\/\/api.w.org\/{rel}","templated":true}]}}