{"id":842,"date":"2025-12-18T20:52:42","date_gmt":"2025-12-18T23:52:42","guid":{"rendered":"https:\/\/oexpressobr.com.br\/?p=842"},"modified":"2025-12-18T20:55:32","modified_gmt":"2025-12-18T23:55:32","slug":"senado-aprova-corte-de-beneficios-fiscais-e-elevacao-de-impostos-para-bets-e-fintechs","status":"publish","type":"post","link":"https:\/\/oexpressobr.com.br\/?p=842","title":{"rendered":"Senado aprova corte de benef\u00edcios fiscais e eleva\u00e7\u00e3o de impostos para bets e fintechs"},"content":{"rendered":"\n<p class=\"wp-block-paragraph\">Em uma movimenta\u00e7\u00e3o decisiva para o ajuste das contas p\u00fablicas, o <strong>Senado Federal<\/strong> aprovou na quarta-feira (17\/12) o <strong>Projeto de Lei Complementar (PLP) 128\/2025<\/strong>. A medida, que agora segue para san\u00e7\u00e3o presidencial, promove um corte linear de <strong>10% nos incentivos fiscais<\/strong> de diversos setores e endurece a carga tribut\u00e1ria sobre empresas de apostas esportivas (<em>bets<\/em>) e institui\u00e7\u00f5es financeiras de tecnologia (<em>fintechs<\/em>).<\/p>\n\n\n\n<p class=\"wp-block-paragraph\">\u200bO objetivo central do Minist\u00e9rio da Fazenda \u00e9 garantir um f\u00f4lego extra de <strong>R$ 22,4 bilh\u00f5es<\/strong> no Or\u00e7amento de 2026, buscando cumprir as metas de super\u00e1vit prim\u00e1rio.<\/p>\n\n\n\n<h3 class=\"wp-block-heading\">\u200bO que muda para as bets e fintechs?<\/h3>\n\n\n\n<p class=\"wp-block-paragraph\">\u200bA nova legisla\u00e7\u00e3o foca em setores que apresentaram crescimento explosivo nos \u00faltimos anos, mas que, na vis\u00e3o do governo e de parte do Legislativo, possu\u00edam uma carga tribut\u00e1ria desequilibrada em rela\u00e7\u00e3o a outros setores produtivos.<\/p>\n\n\n\n<ul class=\"wp-block-list\">\n<li>\u200b<strong>Bets (Apostas de Quota Fixa):<\/strong> A tributa\u00e7\u00e3o subir\u00e1 gradualmente dos atuais 12% para <strong>15% at\u00e9 2028<\/strong>. O aumento ocorre pela redu\u00e7\u00e3o da fatia que as empresas podem reter para custeio (de 88% para 85%).<\/li>\n\n\n\n<li>\u200b<strong>Fintechs e Institui\u00e7\u00f5es de Pagamento:<\/strong> A al\u00edquota da Contribui\u00e7\u00e3o Social sobre o Lucro L\u00edquido (CSLL), hoje em 9%, saltar\u00e1 para <strong>12% em 2026<\/strong> e atingir\u00e1 <strong>15% a partir de 2028<\/strong>.<\/li>\n\n\n\n<li>\u200b<strong>Grandes Bancos e Corretoras:<\/strong> Para institui\u00e7\u00f5es financeiras maiores e sociedades de cr\u00e9dito, a taxa pode chegar a <strong>20%<\/strong> no final do per\u00edodo de transi\u00e7\u00e3o.<\/li>\n<\/ul>\n\n\n\n<h3 class=\"wp-block-heading\">\u200bCorte de 10% nos benef\u00edcios fiscais<\/h3>\n\n\n\n<p class=\"wp-block-paragraph\">\u200bA proposta atinge diretamente o &#8220;gasto tribut\u00e1rio&#8221; da Uni\u00e3o. O texto determina a redu\u00e7\u00e3o de 10% nos incentivos atrelados a impostos federais como <strong>PIS\/Pasep, Cofins, IPI, IRPJ e Imposto de Importa\u00e7\u00e3o<\/strong>.<\/p>\n\n\n\n<p class=\"wp-block-paragraph\">\u200bPara evitar impactos nas camadas mais vulner\u00e1veis e em \u00e1reas estrat\u00e9gicas, o Senado manteve algumas <strong>exce\u00e7\u00f5es importantes<\/strong>:<\/p>\n\n\n\n<ul class=\"wp-block-list\">\n<li>\u200bProdutos da <strong>Cesta B\u00e1sica Nacional<\/strong>;<\/li>\n\n\n\n<li>\u200bBenef\u00edcios do programa <strong>Minha Casa, Minha Vida<\/strong> e <strong>Prouni<\/strong>;<\/li>\n\n\n\n<li>\u200bEntidades filantr\u00f3picas sem fins lucrativos;<\/li>\n\n\n\n<li>\u200bEmpresas do <strong>Simples Nacional<\/strong> (com faturamento de at\u00e9 R$ 4,8 milh\u00f5es);<\/li>\n\n\n\n<li>\u200b<strong>Zona Franca de Manaus<\/strong> e \u00e1reas de livre com\u00e9rcio.<\/li>\n<\/ul>\n\n\n\n<p class=\"wp-block-paragraph\">\u200bNo caso de empresas sob o regime de <strong>Lucro Presumido<\/strong>, o corte s\u00f3 afetar\u00e1 aquelas com receita bruta anual superior a <strong>R$ 5 milh\u00f5es<\/strong>, preservando os pequenos neg\u00f3cios.<\/p>\n\n\n\n<h3 class=\"wp-block-heading\">\u200bTranspar\u00eancia e Puni\u00e7\u00f5es<\/h3>\n\n\n\n<p class=\"wp-block-paragraph\">\u200bAl\u00e9m da arrecada\u00e7\u00e3o, o projeto traz regras rigorosas de fiscaliza\u00e7\u00e3o. Institui\u00e7\u00f5es financeiras e plataformas de publicidade poder\u00e3o responder solidariamente caso facilitem a opera\u00e7\u00e3o ou promovam <strong>bets n\u00e3o autorizadas<\/strong> no pa\u00eds. O texto tamb\u00e9m estabelece um &#8220;teto&#8221; para novas ren\u00fancias fiscais: o governo fica proibido de criar incentivos se o total de benef\u00edcios j\u00e1 ultrapassar 2% do PIB.<\/p>\n","protected":false},"excerpt":{"rendered":"<p>Em uma movimenta\u00e7\u00e3o decisiva para o ajuste das contas p\u00fablicas, o Senado Federal aprovou na quarta-feira (17\/12) o Projeto de Lei Complementar (PLP) 128\/2025. A [&#8230;]<\/p>\n","protected":false},"author":1,"featured_media":843,"comment_status":"open","ping_status":"open","sticky":false,"template":"","format":"standard","meta":{"_crdt_document":"","_jetpack_memberships_contains_paid_content":false,"footnotes":"","jetpack_publicize_message":"","jetpack_publicize_feature_enabled":true,"jetpack_social_post_already_shared":true,"jetpack_social_options":{"image_generator_settings":{"template":"highway","default_image_id":0,"font":"","enabled":false},"version":2}},"categories":[3],"tags":[],"class_list":["post-842","post","type-post","status-publish","format-standard","has-post-thumbnail","hentry","category-brasil"],"jetpack_publicize_connections":[],"jetpack_featured_media_url":"https:\/\/i0.wp.com\/oexpressobr.com.br\/wp-content\/uploads\/2025\/12\/IMG-20251218-WA0235.jpg?fit=1024%2C1280&ssl=1","jetpack_likes_enabled":true,"jetpack_sharing_enabled":true,"_links":{"self":[{"href":"https:\/\/oexpressobr.com.br\/index.php?rest_route=\/wp\/v2\/posts\/842","targetHints":{"allow":["GET"]}}],"collection":[{"href":"https:\/\/oexpressobr.com.br\/index.php?rest_route=\/wp\/v2\/posts"}],"about":[{"href":"https:\/\/oexpressobr.com.br\/index.php?rest_route=\/wp\/v2\/types\/post"}],"author":[{"embeddable":true,"href":"https:\/\/oexpressobr.com.br\/index.php?rest_route=\/wp\/v2\/users\/1"}],"replies":[{"embeddable":true,"href":"https:\/\/oexpressobr.com.br\/index.php?rest_route=%2Fwp%2Fv2%2Fcomments&post=842"}],"version-history":[{"count":2,"href":"https:\/\/oexpressobr.com.br\/index.php?rest_route=\/wp\/v2\/posts\/842\/revisions"}],"predecessor-version":[{"id":845,"href":"https:\/\/oexpressobr.com.br\/index.php?rest_route=\/wp\/v2\/posts\/842\/revisions\/845"}],"wp:featuredmedia":[{"embeddable":true,"href":"https:\/\/oexpressobr.com.br\/index.php?rest_route=\/wp\/v2\/media\/843"}],"wp:attachment":[{"href":"https:\/\/oexpressobr.com.br\/index.php?rest_route=%2Fwp%2Fv2%2Fmedia&parent=842"}],"wp:term":[{"taxonomy":"category","embeddable":true,"href":"https:\/\/oexpressobr.com.br\/index.php?rest_route=%2Fwp%2Fv2%2Fcategories&post=842"},{"taxonomy":"post_tag","embeddable":true,"href":"https:\/\/oexpressobr.com.br\/index.php?rest_route=%2Fwp%2Fv2%2Ftags&post=842"}],"curies":[{"name":"wp","href":"https:\/\/api.w.org\/{rel}","templated":true}]}}