{"id":856,"date":"2025-12-18T21:20:16","date_gmt":"2025-12-19T00:20:16","guid":{"rendered":"https:\/\/oexpressobr.com.br\/?p=856"},"modified":"2025-12-18T21:20:17","modified_gmt":"2025-12-19T00:20:17","slug":"policia-federal-aponta-senador-weverton-rocha-como-sustentaculo-politico-em-esquema-bilionario-de-fraudes-no-inss","status":"publish","type":"post","link":"https:\/\/oexpressobr.com.br\/?p=856","title":{"rendered":"Policia Federal aponta senador Weverton Rocha como &#8216;sustent\u00e1culo pol\u00edtico&#8217; em esquema bilion\u00e1rio de fraudes no INSS"},"content":{"rendered":"\n<p class=\"wp-block-paragraph\">A <strong>Pol\u00edcia Federal (PF)<\/strong> deflagrou, nesta quinta-feira (18 de dezembro de 2025), a quinta fase da <strong>Opera\u00e7\u00e3o Sem Desconto<\/strong>, que investiga um esquema massivo de descontos indevidos em aposentadorias e pens\u00f5es. O principal alvo pol\u00edtico da ofensiva \u00e9 o senador <strong>Weverton Rocha (PDT-MA)<\/strong>, vice-l\u00edder do governo no Senado, classificado pelos investigadores como o &#8220;sustent\u00e1culo pol\u00edtico&#8221; e &#8220;s\u00f3cio oculto&#8221; da organiza\u00e7\u00e3o criminosa.<\/p>\n\n\n\n<h3 class=\"wp-block-heading\">\u200bO Papel de Weverton Rocha e as Pris\u00f5es de C\u00fapula<\/h3>\n\n\n\n<p class=\"wp-block-paragraph\">\u200bDe acordo com os relat\u00f3rios da PF, o crescimento patrimonial e a influ\u00eancia do grupo liderado por <strong>Ant\u00f4nio Carlos Camilo Antunes<\/strong>, conhecido como &#8220;<strong>Careca do INSS<\/strong>&#8220;, s\u00f3 foram poss\u00edveis devido ao suporte pol\u00edtico direto de Weverton Rocha. A investiga\u00e7\u00e3o aponta que o senador atuava como benefici\u00e1rio final de opera\u00e7\u00f5es financeiras estruturadas, utilizando assessores e interpostas pessoas para ocultar o recebimento de recursos.<\/p>\n\n\n\n<p class=\"wp-block-paragraph\">\u200bA opera\u00e7\u00e3o, autorizada pelo ministro do STF <strong>Andr\u00e9 Mendon\u00e7a<\/strong>, resultou em medidas dr\u00e1sticas contra figuras do alto escal\u00e3o do governo:<\/p>\n\n\n\n<ul class=\"wp-block-list\">\n<li>\u200b<strong>Adroaldo Portal:<\/strong> Secret\u00e1rio-executivo do Minist\u00e9rio da Previd\u00eancia (o &#8220;n\u00famero 2&#8221; da pasta), teve pris\u00e3o domiciliar decretada e foi afastado do cargo.<\/li>\n\n\n\n<li>\u200b<strong>Romeu Carvalho Antunes:<\/strong> Filho e s\u00f3cio do &#8220;Careca do INSS&#8221;, foi preso preventivamente.<\/li>\n\n\n\n<li>\u200b<strong>\u00c9ric Fidelis:<\/strong> Advogado e filho de um ex-diretor do INSS, tamb\u00e9m foi alvo de pris\u00e3o preventiva por suspeita de intermediar propinas.<\/li>\n<\/ul>\n\n\n\n<h3 class=\"wp-block-heading\">\u200bEntenda o Esquema &#8220;Sem Desconto&#8221;<\/h3>\n\n\n\n<p class=\"wp-block-paragraph\">\u200bA fraude consiste na manipula\u00e7\u00e3o de sistemas para realizar descontos associativos n\u00e3o autorizados diretamente na folha de pagamento de milh\u00f5es de benefici\u00e1rios. Estima-se que o rombo acumulado entre 2019 e 2024 chegue a <strong>R$ 6,3 bilh\u00f5es<\/strong>.<\/p>\n\n\n\n<p class=\"wp-block-paragraph\">\u200bAs investiga\u00e7\u00f5es da PF e da <strong>CGU (Controladoria-Geral da Uni\u00e3o)<\/strong> revelaram que diversas associa\u00e7\u00f5es de fachada eram utilizadas para captar esses recursos sem oferecer qualquer servi\u00e7o real aos aposentados. Planilhas apreendidas, incluindo uma intitulada &#8220;Grupo Senador Weverton&#8221;, e fotos do parlamentar utilizando aeronaves ligadas ao grupo, refor\u00e7am a tese de proximidade e sociedade oculta.<\/p>\n\n\n\n<h3 class=\"wp-block-heading\">\u200bPosicionamentos e Pr\u00f3ximos Passos<\/h3>\n\n\n\n<p class=\"wp-block-paragraph\">\u200bO senador <strong>Weverton Rocha<\/strong> manifestou surpresa com a opera\u00e7\u00e3o em nota oficial, afirmando estar \u00e0 disposi\u00e7\u00e3o da Justi\u00e7a para esclarecimentos assim que sua defesa tiver acesso integral aos autos. O Minist\u00e9rio P\u00fablico chegou a pedir a pris\u00e3o preventiva do senador, mas o ministro Andr\u00e9 Mendon\u00e7a optou por medidas cautelares, como a busca e apreens\u00e3o e a reten\u00e7\u00e3o do passaporte, citando a necessidade de &#8220;extrema cautela&#8221; em a\u00e7\u00f5es contra parlamentares no exerc\u00edcio do mandato.<\/p>\n\n\n\n<p class=\"wp-block-paragraph\">\u200bA opera\u00e7\u00e3o marca um momento cr\u00edtico para a base governista, dado que Weverton \u00e9 o relator da indica\u00e7\u00e3o de <strong>Jorge Messias<\/strong> ao Supremo Tribunal Federal e do projeto que rev\u00ea a Lei do Impeachment.<\/p>\n","protected":false},"excerpt":{"rendered":"<p>A Pol\u00edcia Federal (PF) deflagrou, nesta quinta-feira (18 de dezembro de 2025), a quinta fase da Opera\u00e7\u00e3o Sem Desconto, que investiga um esquema massivo de [&#8230;]<\/p>\n","protected":false},"author":1,"featured_media":857,"comment_status":"open","ping_status":"open","sticky":false,"template":"","format":"standard","meta":{"_crdt_document":"","_jetpack_memberships_contains_paid_content":false,"footnotes":"","jetpack_publicize_message":"","jetpack_publicize_feature_enabled":true,"jetpack_social_post_already_shared":true,"jetpack_social_options":{"image_generator_settings":{"template":"highway","default_image_id":0,"font":"","enabled":false},"version":2}},"categories":[16],"tags":[],"class_list":["post-856","post","type-post","status-publish","format-standard","has-post-thumbnail","hentry","category-denuncia"],"jetpack_publicize_connections":[],"jetpack_featured_media_url":"https:\/\/i0.wp.com\/oexpressobr.com.br\/wp-content\/uploads\/2025\/12\/weverton_rocha_-_agencia_camara.webp?fit=1170%2C700&ssl=1","jetpack_likes_enabled":true,"jetpack_sharing_enabled":true,"_links":{"self":[{"href":"https:\/\/oexpressobr.com.br\/index.php?rest_route=\/wp\/v2\/posts\/856","targetHints":{"allow":["GET"]}}],"collection":[{"href":"https:\/\/oexpressobr.com.br\/index.php?rest_route=\/wp\/v2\/posts"}],"about":[{"href":"https:\/\/oexpressobr.com.br\/index.php?rest_route=\/wp\/v2\/types\/post"}],"author":[{"embeddable":true,"href":"https:\/\/oexpressobr.com.br\/index.php?rest_route=\/wp\/v2\/users\/1"}],"replies":[{"embeddable":true,"href":"https:\/\/oexpressobr.com.br\/index.php?rest_route=%2Fwp%2Fv2%2Fcomments&post=856"}],"version-history":[{"count":1,"href":"https:\/\/oexpressobr.com.br\/index.php?rest_route=\/wp\/v2\/posts\/856\/revisions"}],"predecessor-version":[{"id":858,"href":"https:\/\/oexpressobr.com.br\/index.php?rest_route=\/wp\/v2\/posts\/856\/revisions\/858"}],"wp:featuredmedia":[{"embeddable":true,"href":"https:\/\/oexpressobr.com.br\/index.php?rest_route=\/wp\/v2\/media\/857"}],"wp:attachment":[{"href":"https:\/\/oexpressobr.com.br\/index.php?rest_route=%2Fwp%2Fv2%2Fmedia&parent=856"}],"wp:term":[{"taxonomy":"category","embeddable":true,"href":"https:\/\/oexpressobr.com.br\/index.php?rest_route=%2Fwp%2Fv2%2Fcategories&post=856"},{"taxonomy":"post_tag","embeddable":true,"href":"https:\/\/oexpressobr.com.br\/index.php?rest_route=%2Fwp%2Fv2%2Ftags&post=856"}],"curies":[{"name":"wp","href":"https:\/\/api.w.org\/{rel}","templated":true}]}}