{"id":873,"date":"2025-12-18T21:55:52","date_gmt":"2025-12-19T00:55:52","guid":{"rendered":"https:\/\/oexpressobr.com.br\/?p=873"},"modified":"2025-12-18T21:55:53","modified_gmt":"2025-12-19T00:55:53","slug":"arteris-planalto-sul-aplica-novo-valor-de-r-870-em-cinco-pracas-de-pedagio-da-br-116-entre-pr-e-sc","status":"publish","type":"post","link":"https:\/\/oexpressobr.com.br\/?p=873","title":{"rendered":"Arteris Planalto Sul aplica novo valor de R$ 8,70 em cinco pra\u00e7as de ped\u00e1gio da BR-116 entre PR e SC"},"content":{"rendered":"\n<p class=\"wp-block-paragraph\">Motoristas que trafegam pela <strong>BR-116<\/strong>, no trecho que liga Curitiba (PR) a Lages (SC), devem preparar o bolso. A partir da zero hora desta sexta-feira (19), a concession\u00e1ria <strong>Arteris Planalto Sul<\/strong> passa a cobrar o novo valor de <strong>R$ 8,70<\/strong> para ve\u00edculos de passeio.<\/p>\n\n\n\n<p class=\"wp-block-paragraph\">\u200bO reajuste de <strong>10,12%<\/strong> foi autorizado pela Ag\u00eancia Nacional de Transportes Terrestres (ANTT) e impacta diretamente o fluxo log\u00edstico entre os dois estados do Sul.<\/p>\n\n\n\n<h3 class=\"wp-block-heading\">\u200bPra\u00e7as afetadas pelo reajuste<\/h3>\n\n\n\n<p class=\"wp-block-paragraph\">\u200bO novo valor \u00e9 v\u00e1lido para as cinco pra\u00e7as de ped\u00e1gio sob concess\u00e3o da Planalto Sul:<\/p>\n\n\n\n<ul class=\"wp-block-list\">\n<li>\u200b<strong>P1:<\/strong> Fazenda Rio Grande (PR)<\/li>\n\n\n\n<li>\u200b<strong>P2:<\/strong> Rio Negro (PR)<\/li>\n\n\n\n<li>\u200b<strong>P3:<\/strong> Monte Castelo (SC)<\/li>\n\n\n\n<li>\u200b<strong>P4:<\/strong> Santa Cec\u00edlia (SC)<\/li>\n\n\n\n<li>\u200b<strong>P5:<\/strong> Correia Pinto (SC)<\/li>\n<\/ul>\n\n\n\n<h3 class=\"wp-block-heading\">\u200bJustificativa e impacto<\/h3>\n\n\n\n<p class=\"wp-block-paragraph\">\u200bDe acordo com a delibera\u00e7\u00e3o publicada no Di\u00e1rio Oficial da Uni\u00e3o, o aumento considera a varia\u00e7\u00e3o do \u00cdndice de Pre\u00e7os ao Consumidor Amplo (IPCA) e revis\u00f5es ordin\u00e1rias previstas no contrato de concess\u00e3o.<\/p>\n\n\n\n<p class=\"wp-block-paragraph\">\u200bO trecho \u00e9 considerado um dos principais eixos de escoamento de safra e produtos industrializados do pa\u00eds. Para caminh\u00f5es e ve\u00edculos comerciais, o valor \u00e9 multiplicado pelo n\u00famero de eixos, o que deve elevar o custo do frete na regi\u00e3o.<\/p>\n\n\n\n<p class=\"wp-block-paragraph\"><\/p>\n","protected":false},"excerpt":{"rendered":"<p>Motoristas que trafegam pela BR-116, no trecho que liga Curitiba (PR) a Lages (SC), devem preparar o bolso. A partir da zero hora desta sexta-feira [&#8230;]<\/p>\n","protected":false},"author":1,"featured_media":874,"comment_status":"open","ping_status":"open","sticky":false,"template":"","format":"standard","meta":{"_crdt_document":"","_jetpack_memberships_contains_paid_content":false,"footnotes":"","jetpack_publicize_message":"","jetpack_publicize_feature_enabled":true,"jetpack_social_post_already_shared":true,"jetpack_social_options":{"image_generator_settings":{"template":"highway","default_image_id":0,"font":"","enabled":false},"version":2}},"categories":[3],"tags":[],"class_list":["post-873","post","type-post","status-publish","format-standard","has-post-thumbnail","hentry","category-brasil"],"jetpack_publicize_connections":[],"jetpack_featured_media_url":"https:\/\/i0.wp.com\/oexpressobr.com.br\/wp-content\/uploads\/2025\/12\/praca-de-fazenda-rio-grande.jpg?fit=984%2C554&ssl=1","jetpack_likes_enabled":true,"jetpack_sharing_enabled":true,"_links":{"self":[{"href":"https:\/\/oexpressobr.com.br\/index.php?rest_route=\/wp\/v2\/posts\/873","targetHints":{"allow":["GET"]}}],"collection":[{"href":"https:\/\/oexpressobr.com.br\/index.php?rest_route=\/wp\/v2\/posts"}],"about":[{"href":"https:\/\/oexpressobr.com.br\/index.php?rest_route=\/wp\/v2\/types\/post"}],"author":[{"embeddable":true,"href":"https:\/\/oexpressobr.com.br\/index.php?rest_route=\/wp\/v2\/users\/1"}],"replies":[{"embeddable":true,"href":"https:\/\/oexpressobr.com.br\/index.php?rest_route=%2Fwp%2Fv2%2Fcomments&post=873"}],"version-history":[{"count":1,"href":"https:\/\/oexpressobr.com.br\/index.php?rest_route=\/wp\/v2\/posts\/873\/revisions"}],"predecessor-version":[{"id":875,"href":"https:\/\/oexpressobr.com.br\/index.php?rest_route=\/wp\/v2\/posts\/873\/revisions\/875"}],"wp:featuredmedia":[{"embeddable":true,"href":"https:\/\/oexpressobr.com.br\/index.php?rest_route=\/wp\/v2\/media\/874"}],"wp:attachment":[{"href":"https:\/\/oexpressobr.com.br\/index.php?rest_route=%2Fwp%2Fv2%2Fmedia&parent=873"}],"wp:term":[{"taxonomy":"category","embeddable":true,"href":"https:\/\/oexpressobr.com.br\/index.php?rest_route=%2Fwp%2Fv2%2Fcategories&post=873"},{"taxonomy":"post_tag","embeddable":true,"href":"https:\/\/oexpressobr.com.br\/index.php?rest_route=%2Fwp%2Fv2%2Ftags&post=873"}],"curies":[{"name":"wp","href":"https:\/\/api.w.org\/{rel}","templated":true}]}}