{"id":876,"date":"2025-12-18T22:02:16","date_gmt":"2025-12-19T01:02:16","guid":{"rendered":"https:\/\/oexpressobr.com.br\/?p=876"},"modified":"2025-12-18T22:02:17","modified_gmt":"2025-12-19T01:02:17","slug":"felipe-nunes-e-o-raio-x-do-trabalhador-exaustao-e-fim-da-escala-6x1-devem-dominar-eleicoes-de-2026","status":"publish","type":"post","link":"https:\/\/oexpressobr.com.br\/?p=876","title":{"rendered":"FELIPE Nunes e o raio-x do trabalhador: exaust\u00e3o e fim da escala 6&#215;1 devem dominar elei\u00e7\u00f5es de 2026"},"content":{"rendered":"\n<p class=\"wp-block-paragraph\">\u200bO sentimento de exaust\u00e3o que toma conta dos lares brasileiros n\u00e3o \u00e9 apenas uma percep\u00e7\u00e3o subjetiva, mas um dado estat\u00edstico que promete redesenhar o cen\u00e1rio pol\u00edtico do pa\u00eds. Segundo o cientista pol\u00edtico <strong>Felipe Nunes<\/strong>, s\u00f3cio-fundador da <strong>Quaest<\/strong>, a insatisfa\u00e7\u00e3o com a carga hor\u00e1ria e o desejo por uma vida mais equilibrada ser\u00e3o os grandes motores do debate eleitoral em 2026.<\/p>\n\n\n\n<p class=\"wp-block-paragraph\">\u200bAs revela\u00e7\u00f5es fazem parte do livro <strong>&#8220;O Brasil no Espelho \u2013 Um guia para entender o Brasil e os brasileiros&#8221;<\/strong> (Globo Livros), lan\u00e7ado neste m\u00eas de dezembro de 2025. A obra \u00e9 fruto de um levantamento massivo com <strong>10 mil brasileiros<\/strong>, mapeando cren\u00e7as, valores e, principalmente, as frustra\u00e7\u00f5es da popula\u00e7\u00e3o contempor\u00e2nea.<\/p>\n\n\n\n<h3 class=\"wp-block-heading\">\u200bO retrato do brasileiro exausto<\/h3>\n\n\n\n<p class=\"wp-block-paragraph\">\u200bOs dados colhidos por Nunes e sua equipe mostram que o brasileiro m\u00e9dio est\u00e1 no limite. Entre os principais achados, destacam-se:<\/p>\n\n\n\n<ul class=\"wp-block-list\">\n<li>\u200b<strong>Sobreviv\u00eancia financeira:<\/strong> Cerca de <strong>84% dos brasileiros<\/strong> precisam de mais de um emprego para fechar as contas no fim do m\u00eas.<\/li>\n\n\n\n<li>\u200b<strong>A &#8220;Barreira dos 5 Sal\u00e1rios&#8221;:<\/strong> O sentimento de cansa\u00e7o extremo s\u00f3 come\u00e7a a diminuir em fam\u00edlias com renda superior a cinco sal\u00e1rios m\u00ednimos. Abaixo disso, a rotina \u00e9 marcada por inseguran\u00e7a e fadiga.<\/li>\n\n\n\n<li>\u200b<strong>Descren\u00e7a e Punitivismo:<\/strong> O estudo revela um povo que, embora valorize a f\u00e9 e a fam\u00edlia, sente-se profundamente inseguro e tende a apoiar solu\u00e7\u00f5es punitivas como resposta ao medo constante.<\/li>\n<\/ul>\n\n\n\n<h3 class=\"wp-block-heading\">\u200bEscala 6&#215;1: O novo campo de batalha pol\u00edtico<\/h3>\n\n\n\n<p class=\"wp-block-paragraph\">\u200bA discuss\u00e3o sobre o fim da escala 6&#215;1 (seis dias de trabalho para um de descanso) deixou de ser uma pauta de nicho para se tornar uma prioridade estrat\u00e9gica. Em Bras\u00edlia, a movimenta\u00e7\u00e3o \u00e9 intensa neste final de 2025:<\/p>\n\n\n\n<ol class=\"wp-block-list\">\n<li>\u200b<strong>Avan\u00e7o no Legislativo:<\/strong> A PEC que prop\u00f5e o fim da jornada 6&#215;1 j\u00e1 ganhou tra\u00e7\u00e3o na CCJ do Senado e na Comiss\u00e3o de Trabalho da C\u00e2mara, com previs\u00f5es de implementa\u00e7\u00e3o gradual at\u00e9 2028.<\/li>\n\n\n\n<li>\u200b<strong>Estrat\u00e9gia do Governo:<\/strong> O governo Lula e o PT j\u00e1 sinalizaram que a redu\u00e7\u00e3o da jornada sem redu\u00e7\u00e3o salarial ser\u00e1 a &#8220;vitrine&#8221; da campanha de reelei\u00e7\u00e3o em 2026.<\/li>\n\n\n\n<li>\u200b<strong>Press\u00e3o Popular:<\/strong> Para Nunes, a classe pol\u00edtica que ignorar o desejo por flexibilidade e descanso ter\u00e1 dificuldade em se conectar com o eleitorado jovem e com a classe trabalhadora precarizada.<\/li>\n<\/ol>\n\n\n\n<h3 class=\"wp-block-heading\">\u200bOs 9 perfis do Brasil atual<\/h3>\n\n\n\n<p class=\"wp-block-paragraph\">\u200bAl\u00e9m da quest\u00e3o trabalhista, Nunes identifica nove grupos identit\u00e1rios que fragmentam o pa\u00eds. Esses perfis v\u00e3o desde o <strong>&#8220;Agro-Exportador&#8221;<\/strong>, focado em efici\u00eancia e mercado, at\u00e9 os <strong>&#8220;Conservadores Crist\u00e3os&#8221;<\/strong>, que pautam suas escolhas pela moralidade religiosa. Entender como esses grupos interagem com o tema do &#8220;tempo livre&#8221; ser\u00e1 a chave para os marqueteiros pol\u00edticos no pr\u00f3ximo pleito.<\/p>\n\n\n\n<p class=\"wp-block-paragraph\">\u200bO livro &#8220;O Brasil no Espelho&#8221; serve, portanto, como um aviso: o eleitor de 2026 n\u00e3o quer apenas promessas econ\u00f4micas abstratas; ele quer, acima de tudo, tempo para viver.<\/p>\n","protected":false},"excerpt":{"rendered":"<p>\u200bO sentimento de exaust\u00e3o que toma conta dos lares brasileiros n\u00e3o \u00e9 apenas uma percep\u00e7\u00e3o subjetiva, mas um dado estat\u00edstico que promete redesenhar o cen\u00e1rio [&#8230;]<\/p>\n","protected":false},"author":1,"featured_media":877,"comment_status":"open","ping_status":"open","sticky":false,"template":"","format":"standard","meta":{"_crdt_document":"","_jetpack_memberships_contains_paid_content":false,"footnotes":"","jetpack_publicize_message":"","jetpack_publicize_feature_enabled":true,"jetpack_social_post_already_shared":true,"jetpack_social_options":{"image_generator_settings":{"template":"highway","default_image_id":0,"font":"","enabled":false},"version":2}},"categories":[3],"tags":[],"class_list":["post-876","post","type-post","status-publish","format-standard","has-post-thumbnail","hentry","category-brasil"],"jetpack_publicize_connections":[],"jetpack_featured_media_url":"https:\/\/i0.wp.com\/oexpressobr.com.br\/wp-content\/uploads\/2025\/12\/IMG-20251218-WA0262.jpg?fit=1080%2C1080&ssl=1","jetpack_likes_enabled":true,"jetpack_sharing_enabled":true,"_links":{"self":[{"href":"https:\/\/oexpressobr.com.br\/index.php?rest_route=\/wp\/v2\/posts\/876","targetHints":{"allow":["GET"]}}],"collection":[{"href":"https:\/\/oexpressobr.com.br\/index.php?rest_route=\/wp\/v2\/posts"}],"about":[{"href":"https:\/\/oexpressobr.com.br\/index.php?rest_route=\/wp\/v2\/types\/post"}],"author":[{"embeddable":true,"href":"https:\/\/oexpressobr.com.br\/index.php?rest_route=\/wp\/v2\/users\/1"}],"replies":[{"embeddable":true,"href":"https:\/\/oexpressobr.com.br\/index.php?rest_route=%2Fwp%2Fv2%2Fcomments&post=876"}],"version-history":[{"count":1,"href":"https:\/\/oexpressobr.com.br\/index.php?rest_route=\/wp\/v2\/posts\/876\/revisions"}],"predecessor-version":[{"id":878,"href":"https:\/\/oexpressobr.com.br\/index.php?rest_route=\/wp\/v2\/posts\/876\/revisions\/878"}],"wp:featuredmedia":[{"embeddable":true,"href":"https:\/\/oexpressobr.com.br\/index.php?rest_route=\/wp\/v2\/media\/877"}],"wp:attachment":[{"href":"https:\/\/oexpressobr.com.br\/index.php?rest_route=%2Fwp%2Fv2%2Fmedia&parent=876"}],"wp:term":[{"taxonomy":"category","embeddable":true,"href":"https:\/\/oexpressobr.com.br\/index.php?rest_route=%2Fwp%2Fv2%2Fcategories&post=876"},{"taxonomy":"post_tag","embeddable":true,"href":"https:\/\/oexpressobr.com.br\/index.php?rest_route=%2Fwp%2Fv2%2Ftags&post=876"}],"curies":[{"name":"wp","href":"https:\/\/api.w.org\/{rel}","templated":true}]}}