{"id":879,"date":"2025-12-18T22:08:39","date_gmt":"2025-12-19T01:08:39","guid":{"rendered":"https:\/\/oexpressobr.com.br\/?p=879"},"modified":"2025-12-18T22:08:41","modified_gmt":"2025-12-19T01:08:41","slug":"lula-confirma-veto-a-projeto-que-reduz-penas-de-bolsonaro-e-classifica-atos-como-crime-contra-a-democracia","status":"publish","type":"post","link":"https:\/\/oexpressobr.com.br\/?p=879","title":{"rendered":"LULA confirma veto a projeto que reduz penas de Bolsonaro e classifica atos como crime contra a democracia"},"content":{"rendered":"\n<p class=\"wp-block-paragraph\">O presidente Luiz In\u00e1cio Lula da Silva subiu o tom nesta quinta-feira (18\/12) e confirmou que ir\u00e1 vetar integralmente o chamado &#8220;PL da Dosimetria&#8221;, aprovado pelo Senado na noite de ontem. A proposta, que altera o c\u00e1lculo de puni\u00e7\u00f5es para crimes contra o Estado Democr\u00e1tico de Direito, beneficiaria diretamente o ex-presidente Jair Bolsonaro e os condenados pelos ataques de 8 de janeiro.<\/p>\n\n\n\n<p class=\"wp-block-paragraph\">\u200bEm conversa com jornalistas no Pal\u00e1cio do Planalto, Lula foi categ\u00f3rico: \u201cCometeram um crime contra a democracia e t\u00eam que pagar. Quando o projeto chegar \u00e0 minha mesa, eu vetarei\u201d. A declara\u00e7\u00e3o ocorre em um momento de alta voltagem pol\u00edtica, logo ap\u00f3s o Senado aprovar o texto por 48 votos a 25, em uma derrota para a base governista que exp\u00f4s divis\u00f5es na articula\u00e7\u00e3o pol\u00edtica.<\/p>\n\n\n\n<h3 class=\"wp-block-heading\">\u200bO &#8220;Al\u00edvio&#8221; no papel: O que o projeto prop\u00f5e<\/h3>\n\n\n\n<p class=\"wp-block-paragraph\">\u200bO projeto aprovado pelo Congresso Nacional busca impedir a soma das penas para os crimes de &#8220;tentativa de golpe de Estado&#8221; e &#8220;aboli\u00e7\u00e3o violenta do Estado Democr\u00e1tico de Direito&#8221;, estabelecendo que prevale\u00e7a apenas a pena mais grave.<\/p>\n\n\n\n<p class=\"wp-block-paragraph\">\u200bNa pr\u00e1tica, isso alteraria drasticamente a situa\u00e7\u00e3o jur\u00eddica de Jair Bolsonaro, que foi condenado pelo Supremo Tribunal Federal (STF) a 27 anos e 3 meses de pris\u00e3o. Com a nova regra, a proje\u00e7\u00e3o \u00e9 de que sua pena pudesse cair para algo entre 2 e 4 anos em regime fechado, permitindo uma progress\u00e3o de regime muito mais r\u00e1pida.<\/p>\n\n\n\n<h3 class=\"wp-block-heading\">\u200bCrise na base e o &#8220;n\u00e3o acordo&#8221;<\/h3>\n\n\n\n<p class=\"wp-block-paragraph\">\u200bA aprova\u00e7\u00e3o no Senado gerou mal-estar dentro do governo. O l\u00edder do governo na Casa, senador Jaques Wagner (PT-BA), chegou a viabilizar a vota\u00e7\u00e3o ap\u00f3s um acerto com a oposi\u00e7\u00e3o para destravar a pauta antes do recesso. No entanto, o presidente Lula negou qualquer aval para o movimento: \u201cSe o presidente n\u00e3o foi informado, n\u00e3o houve acordo\u201d, disparou, desautorizando a articula\u00e7\u00e3o que irritou parlamentares da esquerda.<\/p>\n\n\n\n<h3 class=\"wp-block-heading\">\u200bPr\u00f3ximos passos: O embate com o Congresso<\/h3>\n\n\n\n<p class=\"wp-block-paragraph\">\u200bEmbora o veto presidencial seja dado como certo, o cap\u00edtulo final da disputa ser\u00e1 escrito no Congresso. Lula reconheceu que os parlamentares t\u00eam a prerrogativa de derrubar sua decis\u00e3o.<\/p>\n\n\n\n<ul class=\"wp-block-list\">\n<li>\u200b<strong>Se o veto for mantido:<\/strong> As penas atuais aplicadas pelo STF continuam valendo integralmente.<\/li>\n\n\n\n<li>\u200b<strong>Se o veto for derrubado:<\/strong> O projeto torna-se lei, e as defesas dos condenados poder\u00e3o solicitar imediatamente a revis\u00e3o das penas e a soltura de presos que j\u00e1 atingiram os novos requisitos de progress\u00e3o.<\/li>\n<\/ul>\n\n\n\n<p class=\"wp-block-paragraph\">\u200bA oposi\u00e7\u00e3o, liderada pelo senador Rog\u00e9rio Marinho (PL-RN), argumenta que o projeto apenas &#8220;corrige excessos&#8221; do Judici\u00e1rio e busca uma &#8220;moderniza\u00e7\u00e3o legal&#8221;. J\u00e1 para o Planalto e entidades como a CUT, a medida \u00e9 vista como uma &#8220;anistia disfar\u00e7ada&#8221; para quem tentou subverter a ordem democr\u00e1tica no pa\u00eds.<\/p>\n","protected":false},"excerpt":{"rendered":"<p>O presidente Luiz In\u00e1cio Lula da Silva subiu o tom nesta quinta-feira (18\/12) e confirmou que ir\u00e1 vetar integralmente o chamado &#8220;PL da Dosimetria&#8221;, aprovado [&#8230;]<\/p>\n","protected":false},"author":1,"featured_media":880,"comment_status":"open","ping_status":"open","sticky":false,"template":"","format":"standard","meta":{"_crdt_document":"","_jetpack_memberships_contains_paid_content":false,"footnotes":"","jetpack_publicize_message":"","jetpack_publicize_feature_enabled":true,"jetpack_social_post_already_shared":true,"jetpack_social_options":{"image_generator_settings":{"template":"highway","default_image_id":0,"font":"","enabled":false},"version":2}},"categories":[3],"tags":[],"class_list":["post-879","post","type-post","status-publish","format-standard","has-post-thumbnail","hentry","category-brasil"],"jetpack_publicize_connections":[],"jetpack_featured_media_url":"https:\/\/i0.wp.com\/oexpressobr.com.br\/wp-content\/uploads\/2025\/12\/645adef0-dc1b-11f0-babc-21f9e89ffedf.jpg.webp?fit=800%2C450&ssl=1","jetpack_likes_enabled":true,"jetpack_sharing_enabled":true,"_links":{"self":[{"href":"https:\/\/oexpressobr.com.br\/index.php?rest_route=\/wp\/v2\/posts\/879","targetHints":{"allow":["GET"]}}],"collection":[{"href":"https:\/\/oexpressobr.com.br\/index.php?rest_route=\/wp\/v2\/posts"}],"about":[{"href":"https:\/\/oexpressobr.com.br\/index.php?rest_route=\/wp\/v2\/types\/post"}],"author":[{"embeddable":true,"href":"https:\/\/oexpressobr.com.br\/index.php?rest_route=\/wp\/v2\/users\/1"}],"replies":[{"embeddable":true,"href":"https:\/\/oexpressobr.com.br\/index.php?rest_route=%2Fwp%2Fv2%2Fcomments&post=879"}],"version-history":[{"count":1,"href":"https:\/\/oexpressobr.com.br\/index.php?rest_route=\/wp\/v2\/posts\/879\/revisions"}],"predecessor-version":[{"id":881,"href":"https:\/\/oexpressobr.com.br\/index.php?rest_route=\/wp\/v2\/posts\/879\/revisions\/881"}],"wp:featuredmedia":[{"embeddable":true,"href":"https:\/\/oexpressobr.com.br\/index.php?rest_route=\/wp\/v2\/media\/880"}],"wp:attachment":[{"href":"https:\/\/oexpressobr.com.br\/index.php?rest_route=%2Fwp%2Fv2%2Fmedia&parent=879"}],"wp:term":[{"taxonomy":"category","embeddable":true,"href":"https:\/\/oexpressobr.com.br\/index.php?rest_route=%2Fwp%2Fv2%2Fcategories&post=879"},{"taxonomy":"post_tag","embeddable":true,"href":"https:\/\/oexpressobr.com.br\/index.php?rest_route=%2Fwp%2Fv2%2Ftags&post=879"}],"curies":[{"name":"wp","href":"https:\/\/api.w.org\/{rel}","templated":true}]}}