{"id":908,"date":"2025-12-21T08:32:21","date_gmt":"2025-12-21T11:32:21","guid":{"rendered":"https:\/\/oexpressobr.com.br\/?p=908"},"modified":"2025-12-21T08:32:22","modified_gmt":"2025-12-21T11:32:22","slug":"brasileiros-querem-que-inteligencia-artificial-faca-compras-por-eles","status":"publish","type":"post","link":"https:\/\/oexpressobr.com.br\/?p=908","title":{"rendered":"Brasileiros querem que intelig\u00eancia artificial fa\u00e7a compras por eles"},"content":{"rendered":"\n<p class=\"wp-block-paragraph\">\u200bA rela\u00e7\u00e3o entre o consumidor brasileiro e o com\u00e9rcio eletr\u00f4nico est\u00e1 prestes a passar por uma transforma\u00e7\u00e3o radical. Segundo dados recentes do <strong>Radar Econ\u00f4mico<\/strong>, uma parcela significativa da popula\u00e7\u00e3o j\u00e1 demonstra forte interesse em delegar a tarefa de fazer compras para assistentes de <strong>Intelig\u00eancia Artificial (IA)<\/strong>.<\/p>\n\n\n\n<p class=\"wp-block-paragraph\">\u200bEssa tend\u00eancia, conhecida como <strong>&#8220;commerce sem fric\u00e7\u00e3o&#8221;<\/strong>, reflete um desejo de otimiza\u00e7\u00e3o de tempo e uma confian\u00e7a crescente em algoritmos para a curadoria de produtos e busca pelos melhores pre\u00e7os.<\/p>\n\n\n\n<h3 class=\"wp-block-heading\">\u200bO avan\u00e7o da IA no varejo nacional<\/h3>\n\n\n\n<p class=\"wp-block-paragraph\">\u200bDe acordo com levantamentos do setor, o interesse n\u00e3o \u00e9 apenas em &#8220;perguntar&#8221; \u00e0 IA onde encontrar um item, mas sim permitir que ela finalize a transa\u00e7\u00e3o. O movimento \u00e9 impulsionado por gigantes como <strong>Google<\/strong>, <strong>Amazon<\/strong> e <strong>Mercado Livre<\/strong>, que t\u00eam investido pesado em modelos de linguagem e agentes aut\u00f4nomos.<\/p>\n\n\n\n<ul class=\"wp-block-list\">\n<li>\u200b<strong>Automa\u00e7\u00e3o de rotina:<\/strong> Itens de supermercado e produtos de uso recorrente s\u00e3o os principais alvos para essa delega\u00e7\u00e3o.<\/li>\n\n\n\n<li>\u200b<strong>Busca por economia:<\/strong> O consumidor espera que a IA monitore varia\u00e7\u00f5es de pre\u00e7os em tempo real, garantindo a compra no momento de maior desconto.<\/li>\n\n\n\n<li>\u200b<strong>Personaliza\u00e7\u00e3o extrema:<\/strong> O algoritmo aprende o hist\u00f3rico de prefer\u00eancias, marcas favoritas e restri\u00e7\u00f5es alimentares, reduzindo o erro na escolha.<\/li>\n<\/ul>\n\n\n\n<h3 class=\"wp-block-heading\">\u200bO que dizem os especialistas<\/h3>\n\n\n\n<p class=\"wp-block-paragraph\">\u200bAnalistas do mercado financeiro e de tecnologia apontam que, embora o interesse seja alto, ainda existem barreiras a serem vencidas, especialmente no que diz respeito \u00e0 <strong>seguran\u00e7a de dados<\/strong> e \u00e0 integra\u00e7\u00e3o de sistemas de pagamento.<\/p>\n\n\n\n<blockquote class=\"wp-block-quote is-layout-flow wp-block-quote-is-layout-flow\">\n<p class=\"wp-block-paragraph\">\u200b&#8221;O brasileiro \u00e9 um <em>early adopter<\/em> de tecnologias de conveni\u00eancia, como vimos com o sucesso do Pix. O pr\u00f3ximo passo l\u00f3gico \u00e9 a automa\u00e7\u00e3o do consumo,&#8221; afirmam especialistas em comportamento do consumidor.<\/p>\n<\/blockquote>\n\n\n\n<h3 class=\"wp-block-heading\">\u200bDesafios e o Futuro do Setor<\/h3>\n\n\n\n<p class=\"wp-block-paragraph\">\u200bPara que essa realidade se consolide, as empresas de varejo est\u00e3o focadas em tr\u00eas pilares:<\/p>\n\n\n\n<ol class=\"wp-block-list\">\n<li>\u200b<strong>Log\u00edstica:<\/strong> Garantir que a entrega acompanhe a velocidade da decis\u00e3o automatizada.<\/li>\n\n\n\n<li>\u200b<strong>Transpar\u00eancia:<\/strong> Deixar claro para o usu\u00e1rio por que a IA escolheu o Produto A em vez do B.<\/li>\n\n\n\n<li>\u200b<strong>Seguran\u00e7a:<\/strong> Prote\u00e7\u00e3o de dados banc\u00e1rios integrados aos assistentes de voz e texto.<\/li>\n<\/ol>\n\n\n\n<p class=\"wp-block-paragraph\">\u200bO cen\u00e1rio indica que, em um futuro pr\u00f3ximo, o ato de &#8220;ir \u00e0s compras&#8221; pode se tornar uma atividade de lazer, enquanto o abastecimento essencial da casa ficar\u00e1 totalmente a cargo dos c\u00f3digos de programa\u00e7\u00e3o.<\/p>\n","protected":false},"excerpt":{"rendered":"<p>\u200bA rela\u00e7\u00e3o entre o consumidor brasileiro e o com\u00e9rcio eletr\u00f4nico est\u00e1 prestes a passar por uma transforma\u00e7\u00e3o radical. Segundo dados recentes do Radar Econ\u00f4mico, uma [&#8230;]<\/p>\n","protected":false},"author":1,"featured_media":909,"comment_status":"open","ping_status":"open","sticky":false,"template":"","format":"standard","meta":{"_crdt_document":"","_jetpack_memberships_contains_paid_content":false,"footnotes":"","jetpack_publicize_message":"","jetpack_publicize_feature_enabled":true,"jetpack_social_post_already_shared":true,"jetpack_social_options":{"image_generator_settings":{"template":"highway","default_image_id":0,"font":"","enabled":false},"version":2}},"categories":[17],"tags":[],"class_list":["post-908","post","type-post","status-publish","format-standard","has-post-thumbnail","hentry","category-comercio"],"jetpack_publicize_connections":[],"jetpack_featured_media_url":"https:\/\/i0.wp.com\/oexpressobr.com.br\/wp-content\/uploads\/2025\/12\/saude-sacolas-de-compras-20160511-001.jpg?fit=414%2C280&ssl=1","jetpack_likes_enabled":true,"jetpack_sharing_enabled":true,"_links":{"self":[{"href":"https:\/\/oexpressobr.com.br\/index.php?rest_route=\/wp\/v2\/posts\/908","targetHints":{"allow":["GET"]}}],"collection":[{"href":"https:\/\/oexpressobr.com.br\/index.php?rest_route=\/wp\/v2\/posts"}],"about":[{"href":"https:\/\/oexpressobr.com.br\/index.php?rest_route=\/wp\/v2\/types\/post"}],"author":[{"embeddable":true,"href":"https:\/\/oexpressobr.com.br\/index.php?rest_route=\/wp\/v2\/users\/1"}],"replies":[{"embeddable":true,"href":"https:\/\/oexpressobr.com.br\/index.php?rest_route=%2Fwp%2Fv2%2Fcomments&post=908"}],"version-history":[{"count":1,"href":"https:\/\/oexpressobr.com.br\/index.php?rest_route=\/wp\/v2\/posts\/908\/revisions"}],"predecessor-version":[{"id":910,"href":"https:\/\/oexpressobr.com.br\/index.php?rest_route=\/wp\/v2\/posts\/908\/revisions\/910"}],"wp:featuredmedia":[{"embeddable":true,"href":"https:\/\/oexpressobr.com.br\/index.php?rest_route=\/wp\/v2\/media\/909"}],"wp:attachment":[{"href":"https:\/\/oexpressobr.com.br\/index.php?rest_route=%2Fwp%2Fv2%2Fmedia&parent=908"}],"wp:term":[{"taxonomy":"category","embeddable":true,"href":"https:\/\/oexpressobr.com.br\/index.php?rest_route=%2Fwp%2Fv2%2Fcategories&post=908"},{"taxonomy":"post_tag","embeddable":true,"href":"https:\/\/oexpressobr.com.br\/index.php?rest_route=%2Fwp%2Fv2%2Ftags&post=908"}],"curies":[{"name":"wp","href":"https:\/\/api.w.org\/{rel}","templated":true}]}}