{"id":917,"date":"2025-12-21T08:51:24","date_gmt":"2025-12-21T11:51:24","guid":{"rendered":"https:\/\/oexpressobr.com.br\/?p=917"},"modified":"2025-12-21T08:51:26","modified_gmt":"2025-12-21T11:51:26","slug":"pf-aponta-indicios-de-que-cota-parlamentar-de-sostenes-e-jordy-foi-usada-para-despesas-inexistentes","status":"publish","type":"post","link":"https:\/\/oexpressobr.com.br\/?p=917","title":{"rendered":"Pf aponta ind\u00edcios de que cota parlamentar de S\u00f3stenes e Jordy foi usada para despesas inexistentes"},"content":{"rendered":"\n<p class=\"wp-block-paragraph\">A Pol\u00edcia Federal deflagrou, nesta sexta-feira (19 de dezembro de 2025), a <strong>Opera\u00e7\u00e3o Galho Fraco<\/strong>, que investiga um suposto esquema de desvio de recursos p\u00fablicos envolvendo os deputados federais <strong>S\u00f3stenes Cavalcante (PL-RJ)<\/strong>, l\u00edder do partido na C\u00e2mara, e <strong>Carlos Jordy (PL-RJ)<\/strong>. De acordo com as investiga\u00e7\u00f5es, h\u00e1 fortes ind\u00edcios de que a Cota para o Exerc\u00edcio da Atividade Parlamentar (CEAP) tenha sido utilizada para o pagamento de servi\u00e7os e despesas &#8220;inexistentes&#8221; ou superfaturadas.<\/p>\n\n\n\n<p class=\"wp-block-paragraph\">\u200bAs medidas, que incluem sete mandados de busca e apreens\u00e3o no Distrito Federal e no Rio de Janeiro, foram autorizadas pelo ministro <strong>Fl\u00e1vio Dino<\/strong>, do Supremo Tribunal Federal (STF). O magistrado tamb\u00e9m determinou a quebra dos sigilos banc\u00e1rio, telef\u00f4nico e telem\u00e1tico dos envolvidos.<\/p>\n\n\n\n<h3 class=\"wp-block-heading\">\u200bOs principais pontos da investiga\u00e7\u00e3o<\/h3>\n\n\n\n<p class=\"wp-block-paragraph\">\u200bA PF aponta que o esquema funcionava por meio de uma intera\u00e7\u00e3o il\u00edcita entre o setor p\u00fablico e privado, com o objetivo de desviar verbas que deveriam custear o mandato.<\/p>\n\n\n\n<ul class=\"wp-block-list\">\n<li>\u200b<strong>Empresas de fachada:<\/strong> Os investigadores identificaram que os parlamentares realizaram gastos superiores a <strong>R$ 235 mil<\/strong> com empresas de loca\u00e7\u00e3o de ve\u00edculos, como a <em>Harue Loca\u00e7\u00e3o de Ve\u00edculos<\/em> e a <em>Amazon Servi\u00e7os e Constru\u00e7\u00f5es<\/em>, apontadas como poss\u00edveis empresas de fachada.<\/li>\n\n\n\n<li>\u200b<strong>Movimenta\u00e7\u00f5es milion\u00e1rias:<\/strong> O relat\u00f3rio da PF indica que assessores e familiares dos parlamentares movimentaram cerca de <strong>R$ 28,6 milh\u00f5es<\/strong> em dois anos. Tais valores foram considerados incompat\u00edveis com a capacidade econ\u00f4mica declarada dos titulares.<\/li>\n\n\n\n<li>\u200b<strong>M\u00e9todo &#8220;Smurfing&#8221;:<\/strong> Os recursos eram sacados e depositados de forma fracionada, em quantias inferiores a R$ 10 mil (geralmente R$ 9.999,00), t\u00e9cnica utilizada para burlar o controle do Coaf e dificultar a fiscaliza\u00e7\u00e3o financeira.<\/li>\n\n\n\n<li>\u200b<strong>Dinheiro em esp\u00e9cie:<\/strong> Durante as buscas, os agentes apreenderam cerca de <strong>R$ 470 mil em dinheiro vivo<\/strong> em um endere\u00e7o ligado a S\u00f3stenes Cavalcante.<\/li>\n<\/ul>\n\n\n\n<h3 class=\"wp-block-heading\">\u200bO outro lado: O que dizem os deputados<\/h3>\n\n\n\n<p class=\"wp-block-paragraph\">\u200bOs parlamentares negam qualquer irregularidade e classificam a opera\u00e7\u00e3o como uma tentativa de enfraquecer a oposi\u00e7\u00e3o no Congresso Nacional.<\/p>\n\n\n\n<ul class=\"wp-block-list\">\n<li>\u200b<strong>Carlos Jordy:<\/strong> Em suas redes sociais, o deputado afirmou ser v\u00edtima de uma &#8220;persegui\u00e7\u00e3o implac\u00e1vel&#8221; e &#8220;pesca probat\u00f3ria&#8221;. Ele ressaltou que a opera\u00e7\u00e3o ocorreu no anivers\u00e1rio de sua filha e defendeu que as empresas citadas prestam servi\u00e7os l\u00edcitos ao seu gabinete desde o in\u00edcio do mandato.<\/li>\n\n\n\n<li>\u200b<strong>S\u00f3stenes Cavalcante:<\/strong> O l\u00edder do PL negou envolvimento com lavagem de dinheiro e afirmou que o montante em esp\u00e9cie encontrado em sua resid\u00eancia \u00e9 fruto da <strong>venda l\u00edcita de um im\u00f3vel<\/strong>. Em coletiva, declarou que &#8220;n\u00e3o tem nada a temer&#8221; e que a investiga\u00e7\u00e3o possui vi\u00e9s pol\u00edtico por ele ser uma voz conservadora.<\/li>\n<\/ul>\n\n\n\n<h3 class=\"wp-block-heading\">\u200bPr\u00f3ximos passos<\/h3>\n\n\n\n<p class=\"wp-block-paragraph\">\u200bO ministro Fl\u00e1vio Dino deu um prazo de <strong>45 dias<\/strong> para que a Pol\u00edcia Federal conclua as dilig\u00eancias e analise os materiais apreendidos (celulares, computadores e documentos). O presidente da C\u00e2mara, <strong>Hugo Motta<\/strong>, declarou que a Casa n\u00e3o ir\u00e1 obstruir as investiga\u00e7\u00f5es e que &#8220;se h\u00e1 suspeita, que se investigue&#8221;.<\/p>\n","protected":false},"excerpt":{"rendered":"<p>A Pol\u00edcia Federal deflagrou, nesta sexta-feira (19 de dezembro de 2025), a Opera\u00e7\u00e3o Galho Fraco, que investiga um suposto esquema de desvio de recursos p\u00fablicos [&#8230;]<\/p>\n","protected":false},"author":1,"featured_media":918,"comment_status":"open","ping_status":"open","sticky":false,"template":"","format":"standard","meta":{"_crdt_document":"","_jetpack_memberships_contains_paid_content":false,"footnotes":"","jetpack_publicize_message":"","jetpack_publicize_feature_enabled":true,"jetpack_social_post_already_shared":true,"jetpack_social_options":{"image_generator_settings":{"template":"highway","default_image_id":0,"font":"","enabled":false},"version":2}},"categories":[9],"tags":[],"class_list":["post-917","post","type-post","status-publish","format-standard","has-post-thumbnail","hentry","category-policia"],"jetpack_publicize_connections":[],"jetpack_featured_media_url":"https:\/\/i0.wp.com\/oexpressobr.com.br\/wp-content\/uploads\/2025\/12\/IMG-20251221-WA0050.jpg?fit=1600%2C1002&ssl=1","jetpack_likes_enabled":true,"jetpack_sharing_enabled":true,"_links":{"self":[{"href":"https:\/\/oexpressobr.com.br\/index.php?rest_route=\/wp\/v2\/posts\/917","targetHints":{"allow":["GET"]}}],"collection":[{"href":"https:\/\/oexpressobr.com.br\/index.php?rest_route=\/wp\/v2\/posts"}],"about":[{"href":"https:\/\/oexpressobr.com.br\/index.php?rest_route=\/wp\/v2\/types\/post"}],"author":[{"embeddable":true,"href":"https:\/\/oexpressobr.com.br\/index.php?rest_route=\/wp\/v2\/users\/1"}],"replies":[{"embeddable":true,"href":"https:\/\/oexpressobr.com.br\/index.php?rest_route=%2Fwp%2Fv2%2Fcomments&post=917"}],"version-history":[{"count":1,"href":"https:\/\/oexpressobr.com.br\/index.php?rest_route=\/wp\/v2\/posts\/917\/revisions"}],"predecessor-version":[{"id":919,"href":"https:\/\/oexpressobr.com.br\/index.php?rest_route=\/wp\/v2\/posts\/917\/revisions\/919"}],"wp:featuredmedia":[{"embeddable":true,"href":"https:\/\/oexpressobr.com.br\/index.php?rest_route=\/wp\/v2\/media\/918"}],"wp:attachment":[{"href":"https:\/\/oexpressobr.com.br\/index.php?rest_route=%2Fwp%2Fv2%2Fmedia&parent=917"}],"wp:term":[{"taxonomy":"category","embeddable":true,"href":"https:\/\/oexpressobr.com.br\/index.php?rest_route=%2Fwp%2Fv2%2Fcategories&post=917"},{"taxonomy":"post_tag","embeddable":true,"href":"https:\/\/oexpressobr.com.br\/index.php?rest_route=%2Fwp%2Fv2%2Ftags&post=917"}],"curies":[{"name":"wp","href":"https:\/\/api.w.org\/{rel}","templated":true}]}}