{"id":923,"date":"2025-12-21T09:04:33","date_gmt":"2025-12-21T12:04:33","guid":{"rendered":"https:\/\/oexpressobr.com.br\/?p=923"},"modified":"2025-12-21T09:04:34","modified_gmt":"2025-12-21T12:04:34","slug":"lula-condena-ameaca-de-intervencao-militar-na-venezuela-durante-cupula-do-mercosul","status":"publish","type":"post","link":"https:\/\/oexpressobr.com.br\/?p=923","title":{"rendered":"Lula condena amea\u00e7a de interven\u00e7\u00e3o militar na Venezuela durante C\u00fapula do Mercosul"},"content":{"rendered":"\n<p class=\"wp-block-paragraph\">Em um discurso marcado por tons de alerta e apelos diplom\u00e1ticos, o presidente Luiz In\u00e1cio Lula da Silva afirmou, neste s\u00e1bado (20), que a Am\u00e9rica do Sul volta a ser &#8220;assombrada&#8221; pela presen\u00e7a militar de uma pot\u00eancia extrarregional. A declara\u00e7\u00e3o, feita durante a abertura da <strong>67\u00aa C\u00fapula de Chefes de Estado do Mercosul<\/strong>, refere-se \u00e0 escalada de tens\u00f5es entre os <strong>Estados Unidos<\/strong>, sob a gest\u00e3o de Donald Trump, e a <strong>Venezuela<\/strong> de Nicol\u00e1s Maduro.<\/p>\n\n\n\n<p class=\"wp-block-paragraph\">\u200bPara Lula, o movimento de tropas e o bloqueio naval norte-americano no Caribe representam um teste aos limites do direito internacional. &#8220;Uma interven\u00e7\u00e3o armada na Venezuela seria uma cat\u00e1strofe humanit\u00e1ria para o hemisf\u00e9rio e um precedente perigoso para o mundo&#8221;, alertou o presidente brasileiro.<\/p>\n\n\n\n<h3 class=\"wp-block-heading\">\u200bOs pontos centrais do embate geopol\u00edtico<\/h3>\n\n\n\n<p class=\"wp-block-paragraph\">\u200bO cen\u00e1rio descrito por Lula remete ao aumento da presen\u00e7a militar dos EUA na regi\u00e3o desde agosto de 2025. Embora Washington tenha inicialmente justificado as opera\u00e7\u00f5es como combate ao narcotr\u00e1fico, a ret\u00f3rica subiu de tom com acusa\u00e7\u00f5es de Trump sobre o &#8220;roubo&#8221; de petr\u00f3leo e terras por parte de Caracas.<\/p>\n\n\n\n<ul class=\"wp-block-list\">\n<li>\u200b<strong>Amea\u00e7a \u00e0 Soberania:<\/strong> Lula comparou o momento atual ao clima da Guerra das Malvinas (1982), destacando que a estabilidade regional est\u00e1 sob risco.<\/li>\n\n\n\n<li>\u200b<strong>Media\u00e7\u00e3o Brasileira:<\/strong> O petista revelou que pretende conversar novamente com Donald Trump antes do Natal. &#8220;Fica mais barato conversar do que fazer guerra&#8221;, afirmou Lula, colocando o Brasil como mediador para evitar um conflito armado.<\/li>\n\n\n\n<li>\u200b<strong>Racha no Bloco:<\/strong> A quest\u00e3o venezuelana evidenciou diverg\u00eancias internas no Mercosul. Enquanto o Brasil prega a cautela contra interven\u00e7\u00f5es externas, o presidente da Argentina, <strong>Javier Milei<\/strong>, manteve uma postura cr\u00edtica a Maduro, o que impediu a assinatura de uma declara\u00e7\u00e3o conjunta ao final do encontro.<\/li>\n<\/ul>\n\n\n\n<h3 class=\"wp-block-heading\">\u200bAl\u00e9m das armas: O impasse com a Uni\u00e3o Europeia<\/h3>\n\n\n\n<p class=\"wp-block-paragraph\">\u200bA C\u00fapula em Foz do Igua\u00e7u tamb\u00e9m deveria ter sido o palco da assinatura hist\u00f3rica do acordo entre <strong>Mercosul e Uni\u00e3o Europeia<\/strong>, mas o otimismo deu lugar \u00e0 frustra\u00e7\u00e3o.<\/p>\n\n\n\n<p class=\"wp-block-paragraph\">\u200bLula atribuiu o novo adiamento \u2014 agora previsto para janeiro de 2026 \u2014 \u00e0 resist\u00eancia pol\u00edtica de pa\u00edses como <strong>Fran\u00e7a e It\u00e1lia<\/strong>. &#8220;A Europa ainda n\u00e3o se decidiu&#8221;, declarou, mencionando que a primeira-ministra italiana, Giorgia Meloni, apresentou obst\u00e1culos de \u00faltima hora relacionados \u00e0 prote\u00e7\u00e3o agr\u00edcola.<\/p>\n\n\n\n<blockquote class=\"wp-block-quote is-layout-flow wp-block-quote-is-layout-flow\">\n<p class=\"wp-block-paragraph\">\u200b&#8221;As verdadeiras amea\u00e7as \u00e0 nossa soberania se apresentam hoje sob a forma da guerra, das for\u00e7as antidemocr\u00e1ticas e do crime organizado.&#8221; \u2014 <strong>Luiz In\u00e1cio Lula da Silva<\/strong><\/p>\n<\/blockquote>\n\n\n\n<h3 class=\"wp-block-heading\">\u200bPr\u00f3ximos passos da agenda regional<\/h3>\n\n\n\n<p class=\"wp-block-paragraph\">\u200bCom a sa\u00edda de Lula da presid\u00eancia tempor\u00e1ria do bloco, o <strong>Paraguai<\/strong>, sob o comando de <strong>Santiago Pe\u00f1a<\/strong>, assume a lideran\u00e7a do Mercosul para o pr\u00f3ximo semestre. Entre as prioridades acordadas est\u00e3o a cria\u00e7\u00e3o de uma comiss\u00e3o para coordenar o combate ao crime organizado e a tentativa final de selar o acordo com os europeus em janeiro.<\/p>\n","protected":false},"excerpt":{"rendered":"<p>Em um discurso marcado por tons de alerta e apelos diplom\u00e1ticos, o presidente Luiz In\u00e1cio Lula da Silva afirmou, neste s\u00e1bado (20), que a Am\u00e9rica [&#8230;]<\/p>\n","protected":false},"author":1,"featured_media":924,"comment_status":"open","ping_status":"open","sticky":false,"template":"","format":"standard","meta":{"_crdt_document":"","_jetpack_memberships_contains_paid_content":false,"footnotes":"","jetpack_publicize_message":"","jetpack_publicize_feature_enabled":true,"jetpack_social_post_already_shared":true,"jetpack_social_options":{"image_generator_settings":{"template":"highway","default_image_id":0,"font":"","enabled":false},"version":2}},"categories":[3],"tags":[],"class_list":["post-923","post","type-post","status-publish","format-standard","has-post-thumbnail","hentry","category-brasil"],"jetpack_publicize_connections":[],"jetpack_featured_media_url":"https:\/\/i0.wp.com\/oexpressobr.com.br\/wp-content\/uploads\/2025\/12\/IMG-20251221-WA0068.jpg?fit=540%2C304&ssl=1","jetpack_likes_enabled":true,"jetpack_sharing_enabled":true,"_links":{"self":[{"href":"https:\/\/oexpressobr.com.br\/index.php?rest_route=\/wp\/v2\/posts\/923","targetHints":{"allow":["GET"]}}],"collection":[{"href":"https:\/\/oexpressobr.com.br\/index.php?rest_route=\/wp\/v2\/posts"}],"about":[{"href":"https:\/\/oexpressobr.com.br\/index.php?rest_route=\/wp\/v2\/types\/post"}],"author":[{"embeddable":true,"href":"https:\/\/oexpressobr.com.br\/index.php?rest_route=\/wp\/v2\/users\/1"}],"replies":[{"embeddable":true,"href":"https:\/\/oexpressobr.com.br\/index.php?rest_route=%2Fwp%2Fv2%2Fcomments&post=923"}],"version-history":[{"count":1,"href":"https:\/\/oexpressobr.com.br\/index.php?rest_route=\/wp\/v2\/posts\/923\/revisions"}],"predecessor-version":[{"id":925,"href":"https:\/\/oexpressobr.com.br\/index.php?rest_route=\/wp\/v2\/posts\/923\/revisions\/925"}],"wp:featuredmedia":[{"embeddable":true,"href":"https:\/\/oexpressobr.com.br\/index.php?rest_route=\/wp\/v2\/media\/924"}],"wp:attachment":[{"href":"https:\/\/oexpressobr.com.br\/index.php?rest_route=%2Fwp%2Fv2%2Fmedia&parent=923"}],"wp:term":[{"taxonomy":"category","embeddable":true,"href":"https:\/\/oexpressobr.com.br\/index.php?rest_route=%2Fwp%2Fv2%2Fcategories&post=923"},{"taxonomy":"post_tag","embeddable":true,"href":"https:\/\/oexpressobr.com.br\/index.php?rest_route=%2Fwp%2Fv2%2Ftags&post=923"}],"curies":[{"name":"wp","href":"https:\/\/api.w.org\/{rel}","templated":true}]}}