{"id":937,"date":"2025-12-22T07:11:42","date_gmt":"2025-12-22T10:11:42","guid":{"rendered":"https:\/\/oexpressobr.com.br\/?p=937"},"modified":"2025-12-22T07:11:44","modified_gmt":"2025-12-22T10:11:44","slug":"governo-aneel-e-enel-travam-disputa-juridica-por-concessao-em-sao-paulo","status":"publish","type":"post","link":"https:\/\/oexpressobr.com.br\/?p=937","title":{"rendered":"GOVERNO, Aneel e Enel travam disputa jur\u00eddica por concess\u00e3o em S\u00e3o Paulo"},"content":{"rendered":"\n<p class=\"wp-block-paragraph\">\u200bA crise energ\u00e9tica que castiga a Regi\u00e3o Metropolitana de S\u00e3o Paulo atingiu seu \u00e1pice pol\u00edtico e institucional neste m\u00eas de dezembro de 2025. Ap\u00f3s uma sequ\u00eancia de apag\u00f5es que deixaram milh\u00f5es de consumidores no escuro, formou-se uma frente in\u00e9dita: o <strong>Governo Federal<\/strong>, o <strong>Governo de S\u00e3o Paulo<\/strong> e a <strong>Prefeitura da Capital<\/strong> unificaram o discurso para exigir a <strong>caducidade<\/strong> (cancelamento) do contrato da Enel Distribui\u00e7\u00e3o S\u00e3o Paulo.<\/p>\n\n\n\n<p class=\"wp-block-paragraph\">\u200bApesar da press\u00e3o coordenada entre o ministro Alexandre Silveira (Minas e Energia), o governador Tarc\u00edsio de Freitas e o prefeito Ricardo Nunes, o desfecho do caso ainda enfrenta um labirinto regulat\u00f3rio e jur\u00eddico que pode se arrastar por meses ou anos.<\/p>\n\n\n\n<h3 class=\"wp-block-heading\">\u200bO status do processo na Aneel<\/h3>\n\n\n\n<p class=\"wp-block-paragraph\">\u200bA Ag\u00eancia Nacional de Energia El\u00e9trica (Aneel) \u00e9 o \u00f3rg\u00e3o que det\u00e9m o poder t\u00e9cnico de recomendar a extin\u00e7\u00e3o do contrato. Em uma tentativa de acelerar a resposta \u00e0 crise, a ag\u00eancia decidiu aproveitar um processo administrativo j\u00e1 aberto em <strong>outubro de 2024<\/strong> para incorporar as falhas recentes de dezembro de 2025.<\/p>\n\n\n\n<p class=\"wp-block-paragraph\">A estrat\u00e9gia de &#8220;unificar&#8221; os processos visa dar celeridade, mas a Enel j\u00e1 sinalizou que utilizar\u00e1 todos os recursos judiciais dispon\u00edveis para contestar as multas e a pr\u00f3pria recomenda\u00e7\u00e3o de caducidade, alegando que os eventos clim\u00e1ticos (ventos de 100 km\/h) foram extraordin\u00e1rios.<\/p>\n\n\n\n<h3 class=\"wp-block-heading\">\u200bA estrat\u00e9gia de defesa da Enel<\/h3>\n\n\n\n<p class=\"wp-block-paragraph\">\u200bCiente do risco iminente de perder a opera\u00e7\u00e3o no maior mercado do pa\u00eds, a Enel mudou sua postura p\u00fablica. Em comunicados recentes, a concession\u00e1ria:<\/p>\n\n\n\n<ul class=\"wp-block-list\">\n<li>\u200bPrometeu <strong>enterrar parte da fia\u00e7\u00e3o<\/strong> na capital paulista, uma demanda hist\u00f3rica da prefeitura.<\/li>\n\n\n\n<li>\u200bAnunciou um plano de investimentos de <strong>R$ 10,4 bilh\u00f5es<\/strong> at\u00e9 2027.<\/li>\n\n\n\n<li>\u200bNegou qualquer inten\u00e7\u00e3o de abandonar a concess\u00e3o voluntariamente, defendendo que cumpre os indicadores de qualidade exigidos pela ag\u00eancia reguladora.<\/li>\n<\/ul>\n\n\n\n<h3 class=\"wp-block-heading\">\u200bPor que o fim da concess\u00e3o \u00e9 dif\u00edcil?<\/h3>\n\n\n\n<p class=\"wp-block-paragraph\">\u200bEmbora o governador Tarc\u00edsio de Freitas classifique a renova\u00e7\u00e3o do contrato (previsto para vencer em 2028) como um &#8220;deboche&#8221;, o caminho para a sa\u00edda antecipada da empresa esbarra em:<\/p>\n\n\n\n<ol class=\"wp-block-list\">\n<li>\u200b<strong>Devido Processo Legal:<\/strong> A Aneel precisa provar tecnicamente a &#8220;incapacidade gerencial&#8221; da empresa, o que \u00e9 frequentemente derrubado por liminares na Justi\u00e7a.<\/li>\n\n\n\n<li>\u200b<strong>Complexidade de Transi\u00e7\u00e3o:<\/strong> Se a caducidade for decretada, o Governo Federal precisaria assumir a opera\u00e7\u00e3o (interven\u00e7\u00e3o) ou realizar um leil\u00e3o de emerg\u00eancia, o que traz riscos de instabilidade no servi\u00e7o durante a troca.<\/li>\n\n\n\n<li>\u200b<strong>Diplomacia e Economia:<\/strong> O caso j\u00e1 ganhou contornos internacionais, com o governo da It\u00e1lia acompanhando de perto a situa\u00e7\u00e3o da multinacional.<\/li>\n<\/ol>\n","protected":false},"excerpt":{"rendered":"<p>\u200bA crise energ\u00e9tica que castiga a Regi\u00e3o Metropolitana de S\u00e3o Paulo atingiu seu \u00e1pice pol\u00edtico e institucional neste m\u00eas de dezembro de 2025. Ap\u00f3s uma [&#8230;]<\/p>\n","protected":false},"author":1,"featured_media":938,"comment_status":"open","ping_status":"open","sticky":false,"template":"","format":"standard","meta":{"_crdt_document":"","_jetpack_memberships_contains_paid_content":false,"footnotes":"","jetpack_publicize_message":"","jetpack_publicize_feature_enabled":true,"jetpack_social_post_already_shared":true,"jetpack_social_options":{"image_generator_settings":{"template":"highway","default_image_id":0,"font":"","enabled":false},"version":2}},"categories":[3],"tags":[],"class_list":["post-937","post","type-post","status-publish","format-standard","has-post-thumbnail","hentry","category-brasil"],"jetpack_publicize_connections":[],"jetpack_featured_media_url":"https:\/\/i0.wp.com\/oexpressobr.com.br\/wp-content\/uploads\/2025\/12\/31388622-high.jpg.jpg?fit=414%2C280&ssl=1","jetpack_likes_enabled":true,"jetpack_sharing_enabled":true,"_links":{"self":[{"href":"https:\/\/oexpressobr.com.br\/index.php?rest_route=\/wp\/v2\/posts\/937","targetHints":{"allow":["GET"]}}],"collection":[{"href":"https:\/\/oexpressobr.com.br\/index.php?rest_route=\/wp\/v2\/posts"}],"about":[{"href":"https:\/\/oexpressobr.com.br\/index.php?rest_route=\/wp\/v2\/types\/post"}],"author":[{"embeddable":true,"href":"https:\/\/oexpressobr.com.br\/index.php?rest_route=\/wp\/v2\/users\/1"}],"replies":[{"embeddable":true,"href":"https:\/\/oexpressobr.com.br\/index.php?rest_route=%2Fwp%2Fv2%2Fcomments&post=937"}],"version-history":[{"count":1,"href":"https:\/\/oexpressobr.com.br\/index.php?rest_route=\/wp\/v2\/posts\/937\/revisions"}],"predecessor-version":[{"id":939,"href":"https:\/\/oexpressobr.com.br\/index.php?rest_route=\/wp\/v2\/posts\/937\/revisions\/939"}],"wp:featuredmedia":[{"embeddable":true,"href":"https:\/\/oexpressobr.com.br\/index.php?rest_route=\/wp\/v2\/media\/938"}],"wp:attachment":[{"href":"https:\/\/oexpressobr.com.br\/index.php?rest_route=%2Fwp%2Fv2%2Fmedia&parent=937"}],"wp:term":[{"taxonomy":"category","embeddable":true,"href":"https:\/\/oexpressobr.com.br\/index.php?rest_route=%2Fwp%2Fv2%2Fcategories&post=937"},{"taxonomy":"post_tag","embeddable":true,"href":"https:\/\/oexpressobr.com.br\/index.php?rest_route=%2Fwp%2Fv2%2Ftags&post=937"}],"curies":[{"name":"wp","href":"https:\/\/api.w.org\/{rel}","templated":true}]}}