{"id":940,"date":"2025-12-22T07:18:49","date_gmt":"2025-12-22T10:18:49","guid":{"rendered":"https:\/\/oexpressobr.com.br\/?p=940"},"modified":"2025-12-22T07:18:50","modified_gmt":"2025-12-22T10:18:50","slug":"o-desabafo-dos-delegados-da-pf-sobre-os-lacos-que-unem-politica-justica-e-o-crime-no-rio","status":"publish","type":"post","link":"https:\/\/oexpressobr.com.br\/?p=940","title":{"rendered":"O desabafo dos delegados da PF sobre os la\u00e7os que unem pol\u00edtica, Justi\u00e7a e o crime no Rio"},"content":{"rendered":"\n<p class=\"wp-block-paragraph\">Relat\u00f3rios recentes da <strong>Pol\u00edcia Federal<\/strong>, que vieram a p\u00fablico em dezembro de 2025, tra\u00e7am um diagn\u00f3stico sombrio e desolador sobre a realidade da seguran\u00e7a p\u00fablica e das institui\u00e7\u00f5es no Rio de Janeiro. Em um documento que embasou opera\u00e7\u00f5es de grande impacto, como a pris\u00e3o do desembargador <strong>Mac\u00e1rio J\u00fadice<\/strong> e as investiga\u00e7\u00f5es contra o presidente da Alerj, <strong>Rodrigo Bacellar<\/strong>, delegados federais descrevem um cen\u00e1rio de &#8220;caos social di\u00e1rio&#8221; e a exist\u00eancia de um &#8220;Estado paralelo&#8221; que funde o poder p\u00fablico \u00e0s organiza\u00e7\u00f5es criminosas.<\/p>\n\n\n\n<h3 class=\"wp-block-heading\">\u200bO &#8220;Estado Paralelo&#8221; e a Infiltra\u00e7\u00e3o Institucional<\/h3>\n\n\n\n<p class=\"wp-block-paragraph\">\u200bO desabafo dos investigadores n\u00e3o \u00e9 apenas um lamento emocional, mas uma an\u00e1lise t\u00e9cnica de como as fac\u00e7\u00f5es \u2014 como o <strong>Comando Vermelho (CV)<\/strong> \u2014 e as mil\u00edcias deixaram de ser apenas grupos externos para se tornarem agentes infiltrados no cora\u00e7\u00e3o do Estado.<\/p>\n\n\n\n<ul class=\"wp-block-list\">\n<li>\u200b<strong>No Poder Judici\u00e1rio:<\/strong> A pris\u00e3o do desembargador Mac\u00e1rio J\u00fadice, autorizada pelo ministro <strong>Alexandre de Moraes<\/strong>, exp\u00f4s suspeitas de que decis\u00f5es judiciais estariam sendo negociadas para favorecer o crime organizado.<\/li>\n\n\n\n<li>\u200b<strong>No Poder Legislativo:<\/strong> A <strong>Opera\u00e7\u00e3o Unha e Carne<\/strong> revelou ind\u00edcios de que o presidente da Assembleia Legislativa do Rio (Alerj), Rodrigo Bacellar, teria atuado para obstruir investiga\u00e7\u00f5es e vazar informa\u00e7\u00f5es sobre opera\u00e7\u00f5es policiais, como a <strong>Opera\u00e7\u00e3o Zargun<\/strong>, que visava o ent\u00e3o deputado e aliado <strong>TH Joias<\/strong>.<\/li>\n\n\n\n<li>\u200b<strong>Nas For\u00e7as de Seguran\u00e7a:<\/strong> Apenas na \u00faltima semana, dois sargentos da PMERJ foram presos pela PF sob suspeita de vazar opera\u00e7\u00f5es estrat\u00e9gicas contra fac\u00e7\u00f5es, confirmando a dificuldade de manter o sigilo em a\u00e7\u00f5es de combate ao crime.<\/li>\n<\/ul>\n\n\n\n<h3 class=\"wp-block-heading\">O Futuro: PL Antifac\u00e7\u00e3o e as Elei\u00e7\u00f5es de 2026<\/h3>\n\n\n\n<p class=\"wp-block-paragraph\">\u200bO clima de tens\u00e3o entre a PF e a classe pol\u00edtica se intensificou com o debate sobre o <strong>Projeto de Lei Antifac\u00e7\u00e3o<\/strong>. A PF manifestou preocupa\u00e7\u00e3o com as altera\u00e7\u00f5es feitas pelo relator, deputado Guilherme Derrite, que limitam a atua\u00e7\u00e3o da Pol\u00edcia Federal no combate a fac\u00e7\u00f5es estaduais, condicionando-a \u00e0 autoriza\u00e7\u00e3o de governadores \u2014 o que, para os delegados, pode gerar uma &#8220;blindagem&#8221; pol\u00edtica para grupos criminosos.<\/p>\n\n\n\n<p class=\"wp-block-paragraph\">\u200bParalelamente, o novo presidente do <strong>TRE-RJ<\/strong>, desembargador Claudio de Mello Tavares, assumiu o cargo com a promessa de rigor absoluto para impedir que o crime organizado lance ou financie candidatos nas elei\u00e7\u00f5es de 2026, tentando quebrar o ciclo onde o voto \u00e9 coagido pelo dom\u00ednio territorial.<\/p>\n","protected":false},"excerpt":{"rendered":"<p>Relat\u00f3rios recentes da Pol\u00edcia Federal, que vieram a p\u00fablico em dezembro de 2025, tra\u00e7am um diagn\u00f3stico sombrio e desolador sobre a realidade da seguran\u00e7a p\u00fablica [&#8230;]<\/p>\n","protected":false},"author":1,"featured_media":941,"comment_status":"open","ping_status":"open","sticky":false,"template":"","format":"standard","meta":{"_crdt_document":"","_jetpack_memberships_contains_paid_content":false,"footnotes":"","jetpack_publicize_message":"","jetpack_publicize_feature_enabled":true,"jetpack_social_post_already_shared":true,"jetpack_social_options":{"image_generator_settings":{"template":"highway","default_image_id":0,"font":"","enabled":false},"version":2}},"categories":[3],"tags":[],"class_list":["post-940","post","type-post","status-publish","format-standard","has-post-thumbnail","hentry","category-brasil"],"jetpack_publicize_connections":[],"jetpack_featured_media_url":"https:\/\/i0.wp.com\/oexpressobr.com.br\/wp-content\/uploads\/2025\/12\/RODRIGO-BACELLAR-e-TH-JOIAS-THIEGO-RAIMUNDO-DOS-SANTOS-SILVA-internet-a.jpg.jpg?fit=414%2C280&ssl=1","jetpack_likes_enabled":true,"jetpack_sharing_enabled":true,"_links":{"self":[{"href":"https:\/\/oexpressobr.com.br\/index.php?rest_route=\/wp\/v2\/posts\/940","targetHints":{"allow":["GET"]}}],"collection":[{"href":"https:\/\/oexpressobr.com.br\/index.php?rest_route=\/wp\/v2\/posts"}],"about":[{"href":"https:\/\/oexpressobr.com.br\/index.php?rest_route=\/wp\/v2\/types\/post"}],"author":[{"embeddable":true,"href":"https:\/\/oexpressobr.com.br\/index.php?rest_route=\/wp\/v2\/users\/1"}],"replies":[{"embeddable":true,"href":"https:\/\/oexpressobr.com.br\/index.php?rest_route=%2Fwp%2Fv2%2Fcomments&post=940"}],"version-history":[{"count":1,"href":"https:\/\/oexpressobr.com.br\/index.php?rest_route=\/wp\/v2\/posts\/940\/revisions"}],"predecessor-version":[{"id":942,"href":"https:\/\/oexpressobr.com.br\/index.php?rest_route=\/wp\/v2\/posts\/940\/revisions\/942"}],"wp:featuredmedia":[{"embeddable":true,"href":"https:\/\/oexpressobr.com.br\/index.php?rest_route=\/wp\/v2\/media\/941"}],"wp:attachment":[{"href":"https:\/\/oexpressobr.com.br\/index.php?rest_route=%2Fwp%2Fv2%2Fmedia&parent=940"}],"wp:term":[{"taxonomy":"category","embeddable":true,"href":"https:\/\/oexpressobr.com.br\/index.php?rest_route=%2Fwp%2Fv2%2Fcategories&post=940"},{"taxonomy":"post_tag","embeddable":true,"href":"https:\/\/oexpressobr.com.br\/index.php?rest_route=%2Fwp%2Fv2%2Ftags&post=940"}],"curies":[{"name":"wp","href":"https:\/\/api.w.org\/{rel}","templated":true}]}}