{"id":962,"date":"2025-12-22T11:44:36","date_gmt":"2025-12-22T14:44:36","guid":{"rendered":"https:\/\/oexpressobr.com.br\/?p=962"},"modified":"2025-12-22T11:44:37","modified_gmt":"2025-12-22T14:44:37","slug":"abrasci-empossa-joni-correia-seu-pai-e-o-idolo-zico-como-novos-imortais-em-cerimonia-historica-no-rio","status":"publish","type":"post","link":"https:\/\/oexpressobr.com.br\/?p=962","title":{"rendered":"ABRASCI empossa Joni Correia, seu pai e o \u00eddolo Zico como novos imortais em cerim\u00f4nia hist\u00f3rica no Rio"},"content":{"rendered":"\n<p class=\"wp-block-paragraph\">\u200bA <strong>Academia Brasileira de Ci\u00eancias, Artes, Hist\u00f3ria e Literatura (ABRASCI)<\/strong> reafirmou seu papel como guardi\u00e3 da mem\u00f3ria e do intelecto nacional ao realizar, recentemente, uma das posses mais emblem\u00e1ticas de sua trajet\u00f3ria centen\u00e1ria. Em solenidade realizada no Rio de Janeiro, o empres\u00e1rio e presidente do DC-PR, <strong>Joni Correia<\/strong>, seu pai e o astro do futebol <strong>Zico<\/strong> foram elevados ao posto de &#8220;imortais&#8221;, integrando o seleto quadro de acad\u00eamicos da institui\u00e7\u00e3o.<\/p>\n\n\n\n<h3 class=\"wp-block-heading\">\u200bUm Legado Familiar e Institucional<\/h3>\n\n\n\n<p class=\"wp-block-paragraph\">\u200bJoni Correia assumiu oficialmente a <strong>Cadeira 36<\/strong>, um posto que simboliza n\u00e3o apenas o reconhecimento de sua atua\u00e7\u00e3o p\u00fablica, mas tamb\u00e9m seu compromisso com a \u00e9tica e o desenvolvimento social. O diferencial desta posse foi o tom emocional: Joni dividiu o palco com seu pai, que tamb\u00e9m foi laureado, configurando um raro momento de celebra\u00e7\u00e3o geracional dentro da academia.<\/p>\n\n\n\n<p class=\"wp-block-paragraph\">\u200bO reconhecimento foi ampliado com a entrega da <strong>Medalha de M\u00e9rito Zico<\/strong> a Joni Correia. Esta honraria \u00e9 concedida a personalidades que demonstram excel\u00eancia em suas \u00e1reas de atua\u00e7\u00e3o, espelhando os valores de disciplina e lideran\u00e7a que o &#8220;Galinho de Quintino&#8221; representa para o Brasil.<\/p>\n\n\n\n<h3 class=\"wp-block-heading\">\u200bO &#8220;Galinho&#8221; na Academia<\/h3>\n\n\n\n<p class=\"wp-block-paragraph\">\u200bA presen\u00e7a de <strong>Zico<\/strong> entre os novos imortais refor\u00e7a a vis\u00e3o moderna da ABRASCI de que o esporte \u00e9 um pilar fundamental da hist\u00f3ria e da cultura brasileira. Zico, que j\u00e1 \u00e9 uma lenda viva nos campos, agora ocupa um espa\u00e7o formal entre intelectuais, juristas e artistas, validando sua contribui\u00e7\u00e3o para a identidade nacional.<\/p>\n\n\n\n<h3 class=\"wp-block-heading\">\u200bSobre a ABRASCI<\/h3>\n\n\n\n<p class=\"wp-block-paragraph\">\u200bFundada h\u00e1 mais de 110 anos, a ABRASCI tem como miss\u00e3o preservar os valores culturais e cient\u00edficos do pa\u00eds. Ao lado dos novos empossados, figuram nomes de peso como:<\/p>\n\n\n\n<ul class=\"wp-block-list\">\n<li>\u200b<strong>Marco Aur\u00e9lio Mello<\/strong>, ex-ministro do STF;<\/li>\n\n\n\n<li>\u200b<strong>Edson Celulari e Humberto Martins<\/strong>, \u00edcones da teledramaturgia;<\/li>\n\n\n\n<li>\u200b<strong>S\u00e9rgio Reis<\/strong>, voz fundamental da m\u00fasica raiz.<\/li>\n<\/ul>\n\n\n\n<h3 class=\"wp-block-heading\">\u200b\ud83d\udd0d Atualiza\u00e7\u00e3o e Contexto<\/h3>\n\n\n\n<p class=\"wp-block-paragraph\">\u200bA ABRASCI tem intensificado suas atividades em 2024 e 2025, buscando descentralizar suas a\u00e7\u00f5es e honrar lideran\u00e7as que conectam o setor produtivo com o fomento \u00e0 cultura. A entrada de Joni Correia, figura influente no cen\u00e1rio paranaense, sinaliza essa ponte entre a gest\u00e3o institucional e o prest\u00edgio acad\u00eamico, enquanto a inclus\u00e3o de Zico atende a um clamor popular por reconhecer \u00eddolos esportivos como patrim\u00f4nios culturais imateriais.<\/p>\n\n\n\n<blockquote class=\"wp-block-quote is-layout-flow wp-block-quote-is-layout-flow\">\n<p class=\"wp-block-paragraph\">\u200b&#8221;Esta honraria n\u00e3o \u00e9 apenas um t\u00edtulo, mas uma responsabilidade renovada com os valores que constroem um Brasil mais justo e consciente&#8221;, afirmou Joni Correia durante seu discurso de posse.<\/p>\n<\/blockquote>\n\n\n\n<p class=\"wp-block-paragraph\">\u200bO evento encerrou-se como um marco de celebra\u00e7\u00e3o ao m\u00e9rito, unindo o rigor da tradi\u00e7\u00e3o acad\u00eamica ao reconhecimento popular de figuras que moldam o presente e o futuro do pa\u00eds.<\/p>\n","protected":false},"excerpt":{"rendered":"<p>\u200bA Academia Brasileira de Ci\u00eancias, Artes, Hist\u00f3ria e Literatura (ABRASCI) reafirmou seu papel como guardi\u00e3 da mem\u00f3ria e do intelecto nacional ao realizar, recentemente, uma [&#8230;]<\/p>\n","protected":false},"author":1,"featured_media":963,"comment_status":"open","ping_status":"open","sticky":false,"template":"","format":"standard","meta":{"_crdt_document":"","_jetpack_memberships_contains_paid_content":false,"footnotes":"","jetpack_publicize_message":"","jetpack_publicize_feature_enabled":true,"jetpack_social_post_already_shared":true,"jetpack_social_options":{"image_generator_settings":{"template":"highway","default_image_id":0,"font":"","enabled":false},"version":2}},"categories":[7],"tags":[],"class_list":["post-962","post","type-post","status-publish","format-standard","has-post-thumbnail","hentry","category-politica"],"jetpack_publicize_connections":[],"jetpack_featured_media_url":"https:\/\/i0.wp.com\/oexpressobr.com.br\/wp-content\/uploads\/2025\/12\/IMG-20251222-WA0154.jpg?fit=1080%2C1350&ssl=1","jetpack_likes_enabled":true,"jetpack_sharing_enabled":true,"_links":{"self":[{"href":"https:\/\/oexpressobr.com.br\/index.php?rest_route=\/wp\/v2\/posts\/962","targetHints":{"allow":["GET"]}}],"collection":[{"href":"https:\/\/oexpressobr.com.br\/index.php?rest_route=\/wp\/v2\/posts"}],"about":[{"href":"https:\/\/oexpressobr.com.br\/index.php?rest_route=\/wp\/v2\/types\/post"}],"author":[{"embeddable":true,"href":"https:\/\/oexpressobr.com.br\/index.php?rest_route=\/wp\/v2\/users\/1"}],"replies":[{"embeddable":true,"href":"https:\/\/oexpressobr.com.br\/index.php?rest_route=%2Fwp%2Fv2%2Fcomments&post=962"}],"version-history":[{"count":1,"href":"https:\/\/oexpressobr.com.br\/index.php?rest_route=\/wp\/v2\/posts\/962\/revisions"}],"predecessor-version":[{"id":964,"href":"https:\/\/oexpressobr.com.br\/index.php?rest_route=\/wp\/v2\/posts\/962\/revisions\/964"}],"wp:featuredmedia":[{"embeddable":true,"href":"https:\/\/oexpressobr.com.br\/index.php?rest_route=\/wp\/v2\/media\/963"}],"wp:attachment":[{"href":"https:\/\/oexpressobr.com.br\/index.php?rest_route=%2Fwp%2Fv2%2Fmedia&parent=962"}],"wp:term":[{"taxonomy":"category","embeddable":true,"href":"https:\/\/oexpressobr.com.br\/index.php?rest_route=%2Fwp%2Fv2%2Fcategories&post=962"},{"taxonomy":"post_tag","embeddable":true,"href":"https:\/\/oexpressobr.com.br\/index.php?rest_route=%2Fwp%2Fv2%2Ftags&post=962"}],"curies":[{"name":"wp","href":"https:\/\/api.w.org\/{rel}","templated":true}]}}