{"id":977,"date":"2025-12-23T12:39:25","date_gmt":"2025-12-23T15:39:25","guid":{"rendered":"https:\/\/oexpressobr.com.br\/?p=977"},"modified":"2025-12-23T12:40:33","modified_gmt":"2025-12-23T15:40:33","slug":"audios-na-sanepar-sugerem-esquema-de-corrupcao-e-acirram-crise-no-governo-ratinho-junior","status":"publish","type":"post","link":"https:\/\/oexpressobr.com.br\/?p=977","title":{"rendered":"\u00c1UDIOS na Sanepar sugerem esquema de corrup\u00e7\u00e3o e acirram crise no governo Ratinho J\u00fanior"},"content":{"rendered":"\n<p class=\"wp-block-paragraph\">\u200bA divulga\u00e7\u00e3o de \u00e1udios atribu\u00eddos a funcion\u00e1rios comissionados com influ\u00eancia na <strong>Sanepar (Companhia de Saneamento do Paran\u00e1)<\/strong> instalou um novo foco de instabilidade no Pal\u00e1cio Igua\u00e7u. O material, que circulou intensamente nos bastidores pol\u00edticos nesta ter\u00e7a-feira (23 de dezembro de 2025), sugere a exist\u00eancia de um suposto esquema de corrup\u00e7\u00e3o envolvendo a estatal, pressionando diretamente a gest\u00e3o do governador <strong>Ratinho J\u00fanior (PSD)<\/strong>.<\/p>\n\n\n\n<h3 class=\"wp-block-heading\">\u200bO centro da pol\u00eamica<\/h3>\n\n\n\n<p class=\"wp-block-paragraph\">\u200bOs \u00e1udios revelam di\u00e1logos sobre a manipula\u00e7\u00e3o de processos internos e poss\u00edvel favorecimento em contratos. Embora a veracidade e o contexto total das grava\u00e7\u00f5es ainda dependam de per\u00edcia t\u00e9cnica, o conte\u00fado foi suficiente para que a oposi\u00e7\u00e3o e setores da sociedade civil passassem a exigir transpar\u00eancia imediata.<\/p>\n\n\n\n<p class=\"wp-block-paragraph\">\u200bO esc\u00e2ndalo surge em um momento delicado, somando-se a outros epis\u00f3dios recentes que colocaram a companhia sob os holofotes:<\/p>\n\n\n\n<ul class=\"wp-block-list\">\n<li>\u200b<strong>Investiga\u00e7\u00f5es de Desvios:<\/strong> Recentemente, em novembro de 2025, uma opera\u00e7\u00e3o policial prendeu nove pessoas envolvidas em um esquema que desviava faturas pagas em duplicidade, liderado por um funcion\u00e1rio terceirizado.<\/li>\n\n\n\n<li>\u200b<strong>Hist\u00f3rico de Opera\u00e7\u00f5es:<\/strong> O Gaeco e o Minist\u00e9rio P\u00fablico j\u00e1 vinham monitorando a estatal em a\u00e7\u00f5es como a <strong>Opera\u00e7\u00e3o Ductos<\/strong> e a <strong>Opera\u00e7\u00e3o \u00c1guas Claras<\/strong>, que investigaram fraudes em licita\u00e7\u00f5es e pagamento de propinas em anos anteriores.<\/li>\n<\/ul>\n\n\n\n<h3 class=\"wp-block-heading\">\u200bDesdobramentos pol\u00edticos<\/h3>\n\n\n\n<p class=\"wp-block-paragraph\">\u200bA crise na Sanepar n\u00e3o \u00e9 apenas administrativa, mas eleitoral. Com o cen\u00e1rio para 2026 come\u00e7ando a se desenhar, o racha na base governista se acentuou.<\/p>\n\n\n\n<ol class=\"wp-block-list\">\n<li>\u200b<strong>Impacto no Governo:<\/strong> O governador Ratinho J\u00fanior enfrenta o desafio de blindar sua imagem enquanto a oposi\u00e7\u00e3o utiliza o epis\u00f3dio para questionar a governan\u00e7a das estatais paranaenses.<\/li>\n\n\n\n<li>\u200b<strong>Press\u00e3o na Assembleia:<\/strong> Espera-se que deputados da oposi\u00e7\u00e3o protocolem pedidos de esclarecimento e, eventualmente, a abertura de uma CPI para investigar os \u00e1udios e os contratos mencionados.<\/li>\n\n\n\n<li>\u200b<strong>Posicionamento da Sanepar:<\/strong> Em notas anteriores sobre casos correlatos, a companhia tem refor\u00e7ado que possui mecanismos de <em>compliance<\/em> e que colabora com as autoridades, mas o sil\u00eancio sobre este novo vazamento espec\u00edfico alimenta as especula\u00e7\u00f5es.<\/li>\n<\/ol>\n\n\n\n<h3 class=\"wp-block-heading\">\u200bO que dizem os envolvidos<\/h3>\n\n\n\n<p class=\"wp-block-paragraph\">\u200bAt\u00e9 o fechamento desta mat\u00e9ria, o governo do Estado e a diretoria da Sanepar mant\u00eam cautela, tratando os \u00e1udios como &#8220;material sob an\u00e1lise&#8221;. Juristas alertam que qualquer avan\u00e7o institucional depender\u00e1 do respeito ao contradit\u00f3rio e da autentica\u00e7\u00e3o das provas.<\/p>\n","protected":false},"excerpt":{"rendered":"<p>\u200bA divulga\u00e7\u00e3o de \u00e1udios atribu\u00eddos a funcion\u00e1rios comissionados com influ\u00eancia na Sanepar (Companhia de Saneamento do Paran\u00e1) instalou um novo foco de instabilidade no Pal\u00e1cio [&#8230;]<\/p>\n","protected":false},"author":1,"featured_media":978,"comment_status":"open","ping_status":"open","sticky":false,"template":"","format":"standard","meta":{"_crdt_document":"","_jetpack_memberships_contains_paid_content":false,"footnotes":"","jetpack_publicize_message":"","jetpack_publicize_feature_enabled":true,"jetpack_social_post_already_shared":true,"jetpack_social_options":{"image_generator_settings":{"template":"highway","default_image_id":0,"font":"","enabled":false},"version":2}},"categories":[5],"tags":[],"class_list":["post-977","post","type-post","status-publish","format-standard","has-post-thumbnail","hentry","category-parana"],"jetpack_publicize_connections":[],"jetpack_featured_media_url":"https:\/\/i0.wp.com\/oexpressobr.com.br\/wp-content\/uploads\/2025\/12\/sanepar-fogo.jpg?fit=1200%2C675&ssl=1","jetpack_likes_enabled":true,"jetpack_sharing_enabled":true,"_links":{"self":[{"href":"https:\/\/oexpressobr.com.br\/index.php?rest_route=\/wp\/v2\/posts\/977","targetHints":{"allow":["GET"]}}],"collection":[{"href":"https:\/\/oexpressobr.com.br\/index.php?rest_route=\/wp\/v2\/posts"}],"about":[{"href":"https:\/\/oexpressobr.com.br\/index.php?rest_route=\/wp\/v2\/types\/post"}],"author":[{"embeddable":true,"href":"https:\/\/oexpressobr.com.br\/index.php?rest_route=\/wp\/v2\/users\/1"}],"replies":[{"embeddable":true,"href":"https:\/\/oexpressobr.com.br\/index.php?rest_route=%2Fwp%2Fv2%2Fcomments&post=977"}],"version-history":[{"count":1,"href":"https:\/\/oexpressobr.com.br\/index.php?rest_route=\/wp\/v2\/posts\/977\/revisions"}],"predecessor-version":[{"id":979,"href":"https:\/\/oexpressobr.com.br\/index.php?rest_route=\/wp\/v2\/posts\/977\/revisions\/979"}],"wp:featuredmedia":[{"embeddable":true,"href":"https:\/\/oexpressobr.com.br\/index.php?rest_route=\/wp\/v2\/media\/978"}],"wp:attachment":[{"href":"https:\/\/oexpressobr.com.br\/index.php?rest_route=%2Fwp%2Fv2%2Fmedia&parent=977"}],"wp:term":[{"taxonomy":"category","embeddable":true,"href":"https:\/\/oexpressobr.com.br\/index.php?rest_route=%2Fwp%2Fv2%2Fcategories&post=977"},{"taxonomy":"post_tag","embeddable":true,"href":"https:\/\/oexpressobr.com.br\/index.php?rest_route=%2Fwp%2Fv2%2Ftags&post=977"}],"curies":[{"name":"wp","href":"https:\/\/api.w.org\/{rel}","templated":true}]}}