{"id":984,"date":"2025-12-23T15:35:44","date_gmt":"2025-12-23T18:35:44","guid":{"rendered":"https:\/\/oexpressobr.com.br\/?p=984"},"modified":"2025-12-23T15:35:45","modified_gmt":"2025-12-23T18:35:45","slug":"democracia-crista-no-parana-desmente-rumores-e-reafirma-apoio-a-ratinho-junior-e-paulo-martins","status":"publish","type":"post","link":"https:\/\/oexpressobr.com.br\/?p=984","title":{"rendered":"Democracia Crist\u00e3 no Paran\u00e1 desmente rumores e reafirma apoio a Ratinho Junior e Paulo Martins"},"content":{"rendered":"\n<p class=\"wp-block-paragraph\">O cen\u00e1rio pol\u00edtico paranaense foi palco de um forte posicionamento institucional nesta ter\u00e7a-feira (23). O <strong>Diret\u00f3rio Estadual da Democracia Crist\u00e3 (DC)<\/strong>, sob a lideran\u00e7a do presidente <strong>Joni Correia<\/strong>, emitiu uma nota oficial para desmentir categoricamente boatos sobre supostas articula\u00e7\u00f5es eleitorais que divergiam da linha oficial da legenda.<\/p>\n\n\n\n<p class=\"wp-block-paragraph\">\u200bO partido classificou as informa\u00e7\u00f5es que circularam recentemente como <strong>conte\u00fado falso e dissociado da realidade<\/strong>, refor\u00e7ando que qualquer narrativa sobre novos cen\u00e1rios estaduais n\u00e3o passa de desinforma\u00e7\u00e3o.<\/p>\n\n\n\n<h3 class=\"wp-block-heading\">\u200bAlinhamento estrat\u00e9gico para 2026<\/h3>\n\n\n\n<p class=\"wp-block-paragraph\">\u200bDiferente das especula\u00e7\u00f5es, o comando da DC no Paran\u00e1 ratificou o compromisso que j\u00e1 vinha sendo desenhado em eventos oficiais da sigla. A estrat\u00e9gia para o pr\u00f3ximo pleito permanece s\u00f3lida:<\/p>\n\n\n\n<ul class=\"wp-block-list\">\n<li>\u200b<strong>Apoio a Ratinho Junior:<\/strong> O partido mant\u00e9m o suporte ao atual governador do Paran\u00e1 em sua eventual proje\u00e7\u00e3o para a <strong>Presid\u00eancia da Rep\u00fablica<\/strong>.<\/li>\n\n\n\n<li>\u200b<strong>Apoio a Paulo Martins:<\/strong> Para a sucess\u00e3o no Pal\u00e1cio Igua\u00e7u, a DC reafirma seu alinhamento com o nome de <strong>Paulo Martins<\/strong> para o <strong>Governo do Estado<\/strong>.<\/li>\n<\/ul>\n\n\n\n<h3 class=\"wp-block-heading\">\u200bCombate \u00e0s Fake News e medidas judiciais<\/h3>\n\n\n\n<p class=\"wp-block-paragraph\">\u200bA nota assinada por Joni Correia n\u00e3o apenas esclarece os fatos, mas tamb\u00e9m serve como uma advert\u00eancia severa a ve\u00edculos de comunica\u00e7\u00e3o e produtores de conte\u00fado. Segundo o documento, a propaga\u00e7\u00e3o de dados sem checagem pr\u00e9via junto \u00e0 presid\u00eancia estadual caracteriza a pr\u00e1tica de <strong>fake news<\/strong>, prejudicando a imagem institucional do partido.<\/p>\n\n\n\n<p class=\"wp-block-paragraph\">\u200bO diret\u00f3rio alertou que est\u00e1 monitorando a reincid\u00eancia dessas publica\u00e7\u00f5es e que n\u00e3o hesitar\u00e1 em adotar <strong>medidas jur\u00eddicas cab\u00edveis<\/strong> nas esferas c\u00edvel e eleitoral para garantir o direito de resposta e a integridade da legenda.<\/p>\n\n\n\n<blockquote class=\"wp-block-quote is-layout-flow wp-block-quote-is-layout-flow\">\n<p class=\"wp-block-paragraph\">\u200b&#8221;A Democracia Crist\u00e3 exige responsabilidade, corre\u00e7\u00e3o e compromisso com a verdade dos fatos&#8221;, diz trecho da nota oficial.<\/p>\n<\/blockquote>\n\n\n\n<h3 class=\"wp-block-heading\">\u200bContexto Pol\u00edtico<\/h3>\n\n\n\n<p class=\"wp-block-paragraph\">\u200bA movimenta\u00e7\u00e3o da DC ocorre em um momento de intensa ebuli\u00e7\u00e3o nos bastidores, onde partidos buscam consolidar alian\u00e7as precoces para 2026. Ao vir a p\u00fablico de forma incisiva, Joni Correia busca blindar a sigla de tentativas de fragmenta\u00e7\u00e3o interna ou externa, mantendo a coes\u00e3o do grupo pol\u00edtico que sustenta a base atual.<\/p>\n\n\n\n<p class=\"wp-block-paragraph\">NOTA OFICIAL \u2013 DESMENTIDO E ADVERT\u00caNCIA<\/p>\n\n\n\n<p class=\"wp-block-paragraph\">O Diret\u00f3rio Estadual da Democracia Crist\u00e3 (DC) no Paran\u00e1 desmente categoricamente as informa\u00e7\u00f5es divulgadas a respeito de supostos cen\u00e1rios eleitorais estaduais envolvendo a legenda, por se tratarem de conte\u00fado falso, n\u00e3o confirmado e dissociado da posi\u00e7\u00e3o oficial do partido.<\/p>\n\n\n\n<p class=\"wp-block-paragraph\">Reitera-se que o presidente estadual da Democracia Crist\u00e3, Joni Correia, j\u00e1 declarou publicamente, em eventos oficiais e amplamente divulgados, o posicionamento pol\u00edtico da sigla no Paran\u00e1, com apoio ao governador Ratinho Junior para a Presid\u00eancia da Rep\u00fablica e a Paulo Martins para o Governo do Estado. Qualquer narrativa diversa configura desinforma\u00e7\u00e3o.<\/p>\n\n\n\n<p class=\"wp-block-paragraph\">A divulga\u00e7\u00e3o de informa\u00e7\u00f5es dessa natureza, sem pr\u00e9via checagem junto \u00e0 presid\u00eancia estadual, caracteriza a propaga\u00e7\u00e3o de fake news, com potencial de induzir o p\u00fablico ao erro, causar dano institucional ao partido e violar princ\u00edpios b\u00e1sicos do jornalismo respons\u00e1vel.<\/p>\n\n\n\n<p class=\"wp-block-paragraph\">Diante disso, o Diret\u00f3rio Estadual da DC alerta que a continuidade da publica\u00e7\u00e3o de conte\u00fados falsos ou especulativos envolvendo o partido no \u00e2mbito estadual do Paran\u00e1 poder\u00e1 ensejar a ado\u00e7\u00e3o de medidas jur\u00eddicas cab\u00edveis, inclusive nas esferas c\u00edvel e eleitoral, sem preju\u00edzo do exerc\u00edcio do direito de resposta.<\/p>\n\n\n\n<p class=\"wp-block-paragraph\">A Democracia Crist\u00e3 exige responsabilidade, corre\u00e7\u00e3o e compromisso com a verdade dos fatos, n\u00e3o admitindo o uso indevido do nome da legenda para narrativas pol\u00edticas que n\u00e3o correspondem \u00e0 realidade.<\/p>\n\n\n\n<p class=\"wp-block-paragraph\">Curitiba, 23 de dezembro de 2025.<\/p>\n\n\n\n<p class=\"wp-block-paragraph\">Diret\u00f3rio Estadual da Democracia Crist\u00e3 \u2013 Paran\u00e1<br>Joni Correia<br>Presidente Estadual<\/p>\n","protected":false},"excerpt":{"rendered":"<p>O cen\u00e1rio pol\u00edtico paranaense foi palco de um forte posicionamento institucional nesta ter\u00e7a-feira (23). O Diret\u00f3rio Estadual da Democracia Crist\u00e3 (DC), sob a lideran\u00e7a do [&#8230;]<\/p>\n","protected":false},"author":1,"featured_media":985,"comment_status":"open","ping_status":"open","sticky":false,"template":"","format":"standard","meta":{"_crdt_document":"","_jetpack_memberships_contains_paid_content":false,"footnotes":"","jetpack_publicize_message":"","jetpack_publicize_feature_enabled":true,"jetpack_social_post_already_shared":true,"jetpack_social_options":{"image_generator_settings":{"template":"highway","default_image_id":0,"font":"","enabled":false},"version":2}},"categories":[4,7],"tags":[],"class_list":["post-984","post","type-post","status-publish","format-standard","has-post-thumbnail","hentry","category-maringa","category-politica"],"jetpack_publicize_connections":[],"jetpack_featured_media_url":"https:\/\/i0.wp.com\/oexpressobr.com.br\/wp-content\/uploads\/2025\/12\/images.png?fit=576%2C204&ssl=1","jetpack_likes_enabled":true,"jetpack_sharing_enabled":true,"_links":{"self":[{"href":"https:\/\/oexpressobr.com.br\/index.php?rest_route=\/wp\/v2\/posts\/984","targetHints":{"allow":["GET"]}}],"collection":[{"href":"https:\/\/oexpressobr.com.br\/index.php?rest_route=\/wp\/v2\/posts"}],"about":[{"href":"https:\/\/oexpressobr.com.br\/index.php?rest_route=\/wp\/v2\/types\/post"}],"author":[{"embeddable":true,"href":"https:\/\/oexpressobr.com.br\/index.php?rest_route=\/wp\/v2\/users\/1"}],"replies":[{"embeddable":true,"href":"https:\/\/oexpressobr.com.br\/index.php?rest_route=%2Fwp%2Fv2%2Fcomments&post=984"}],"version-history":[{"count":1,"href":"https:\/\/oexpressobr.com.br\/index.php?rest_route=\/wp\/v2\/posts\/984\/revisions"}],"predecessor-version":[{"id":986,"href":"https:\/\/oexpressobr.com.br\/index.php?rest_route=\/wp\/v2\/posts\/984\/revisions\/986"}],"wp:featuredmedia":[{"embeddable":true,"href":"https:\/\/oexpressobr.com.br\/index.php?rest_route=\/wp\/v2\/media\/985"}],"wp:attachment":[{"href":"https:\/\/oexpressobr.com.br\/index.php?rest_route=%2Fwp%2Fv2%2Fmedia&parent=984"}],"wp:term":[{"taxonomy":"category","embeddable":true,"href":"https:\/\/oexpressobr.com.br\/index.php?rest_route=%2Fwp%2Fv2%2Fcategories&post=984"},{"taxonomy":"post_tag","embeddable":true,"href":"https:\/\/oexpressobr.com.br\/index.php?rest_route=%2Fwp%2Fv2%2Ftags&post=984"}],"curies":[{"name":"wp","href":"https:\/\/api.w.org\/{rel}","templated":true}]}}