{"id":988,"date":"2025-12-24T06:22:03","date_gmt":"2025-12-24T09:22:03","guid":{"rendered":"https:\/\/oexpressobr.com.br\/?p=988"},"modified":"2025-12-24T06:28:24","modified_gmt":"2025-12-24T09:28:24","slug":"professor-sebastiao-donizete-santarosa-defende-o-desenvolvimento-humano-como-pilar-central-contra-a-crise-na-educacao-do-parana","status":"publish","type":"post","link":"https:\/\/oexpressobr.com.br\/?p=988","title":{"rendered":"Professor Sebasti\u00e3o Donizete Santarosa defende o desenvolvimento humano como pilar central contra a crise na educa\u00e7\u00e3o do Paran\u00e1"},"content":{"rendered":"\n<p class=\"wp-block-paragraph\">Em uma reflex\u00e3o profunda sobre o estado atual do ensino p\u00fablico, o professor e fil\u00f3sofo <strong>Sebasti\u00e3o Donizete Santarosa<\/strong> trouxe \u00e0 tona um diagn\u00f3stico cr\u00edtico e humanista sobre as prioridades das pol\u00edticas educacionais. Para o educador, a &#8220;finalidade da educa\u00e7\u00e3o \u00e9 o desenvolvimento humano&#8221;, e qualquer sistema que ignore essa premissa est\u00e1 fadado ao colapso \u2014 um cen\u00e1rio que, segundo ele, j\u00e1 projeta sombras sobre as escolas estaduais do Paran\u00e1.<\/p>\n\n\n\n<h3 class=\"wp-block-heading\">A centralidade do mestre na forma\u00e7\u00e3o social<\/h3>\n\n\n\n<p class=\"wp-block-paragraph\">Santarosa argumenta que a resolu\u00e7\u00e3o dos grandes dilemas contempor\u00e2neos n\u00e3o reside apenas em avan\u00e7os tecnol\u00f3gicos ou reformas burocr\u00e1ticas, mas no investimento direto nas pessoas. Ele ressalta que \u00e1reas fundamentais como a ci\u00eancia, a arte, a pol\u00edtica e a tecnologia devem convergir para um objetivo comum: a <strong>complexidade constitutiva do ser<\/strong>.<\/p>\n\n\n\n<blockquote class=\"wp-block-quote is-layout-flow wp-block-quote-is-layout-flow\">\n<p class=\"wp-block-paragraph\">&#8220;O professor e a professora, o mestre e a mestre, s\u00e3o o centro de todo projeto educativo&#8221;, afirma Santarosa.<\/p>\n<\/blockquote>\n\n\n\n<p class=\"wp-block-paragraph\">O professor enfatiza que uma pol\u00edtica educacional de fato comprometida deve priorizar o <strong>desenvolvimento dos seus docentes<\/strong>. Sem um olhar humanizado para quem ensina, o resultado inevit\u00e1vel \u00e9 o &#8220;caos&#8221;, afetando diretamente a qualidade de vida e o aprendizado dentro do ambiente escolar.<\/p>\n\n\n\n<h3 class=\"wp-block-heading\">O contexto atual: O desafio da &#8220;uberiza\u00e7\u00e3o&#8221; e a tecnologia no Paran\u00e1<\/h3>\n\n\n\n<p class=\"wp-block-paragraph\">As palavras de Santarosa ecoam em um momento de intensa transforma\u00e7\u00e3o na rede p\u00fablica paranaense. Recentemente, o sistema educacional do estado tem sido palco de debates acalorados sobre a <strong>digitaliza\u00e7\u00e3o extrema<\/strong> e a gest\u00e3o de pessoal.<\/p>\n\n\n\n<ul class=\"wp-block-list\">\n<li><strong>Plataformiza\u00e7\u00e3o do Ensino:<\/strong> O Paran\u00e1 \u00e9 hoje um dos estados que mais utiliza plataformas digitais e intelig\u00eancia artificial para monitoramento de frequ\u00eancia e desempenho. Cr\u00edticos e sindicatos, como a APP-Sindicato, argumentam que o excesso de metas digitais tem gerado adoecimento docente, corroborando o alerta de Santarosa sobre a falta de um &#8220;projeto de desenvolvimento humanizado&#8221;.<\/li>\n\n\n\n<li><strong>Parceiro da Escola:<\/strong> A recente aprova\u00e7\u00e3o e implementa\u00e7\u00e3o do programa que transfere a gest\u00e3o administrativa de escolas p\u00fablicas para empresas privadas (Parceiro da Escola) \u00e9 outro ponto de tens\u00e3o. Enquanto o governo estadual defende a efici\u00eancia administrativa, educadores temem o distanciamento da fun\u00e7\u00e3o social e humanista da escola mencionada pelo professor.<\/li>\n\n\n\n<li><strong>Sa\u00fade Mental:<\/strong> Dados recentes indicam um aumento no afastamento de professores por quest\u00f5es de sa\u00fade mental, refor\u00e7ando a tese de que, sem o devido suporte aos mestres, a estrutura educacional entra em um ciclo de desgaste.<\/li>\n<\/ul>\n\n\n\n<h3 class=\"wp-block-heading\">A educa\u00e7\u00e3o como chave para os problemas globais<\/h3>\n\n\n\n<p class=\"wp-block-paragraph\">A vis\u00e3o de Sebasti\u00e3o Donizete Santarosa prop\u00f5e um retorno \u00e0s bases da filosofia educacional. Ele defende que a educa\u00e7\u00e3o \u00e9 uma <strong>a\u00e7\u00e3o humana<\/strong> por excel\u00eancia. Ao colocar o professor no centro, Santarosa sugere que a valoriza\u00e7\u00e3o da carreira e da dignidade docente \u00e9 o \u00fanico caminho para que a escola p\u00fablica deixe de ser um espa\u00e7o de &#8220;sombras&#8221; e se torne o motor de transforma\u00e7\u00e3o que a sociedade exige.<\/p>\n\n\n\n<p class=\"wp-block-paragraph\">O debate proposto pelo professor convida gestores e a sociedade civil a repensarem: estamos investindo em sistemas de controle ou no desenvolvimento de seres humanos?<\/p>\n","protected":false},"excerpt":{"rendered":"<p>Em uma reflex\u00e3o profunda sobre o estado atual do ensino p\u00fablico, o professor e fil\u00f3sofo Sebasti\u00e3o Donizete Santarosa trouxe \u00e0 tona um diagn\u00f3stico cr\u00edtico e [&#8230;]<\/p>\n","protected":false},"author":1,"featured_media":989,"comment_status":"open","ping_status":"open","sticky":false,"template":"","format":"standard","meta":{"_crdt_document":"","_jetpack_memberships_contains_paid_content":false,"footnotes":"","jetpack_publicize_message":"","jetpack_publicize_feature_enabled":true,"jetpack_social_post_already_shared":true,"jetpack_social_options":{"image_generator_settings":{"template":"highway","default_image_id":0,"font":"","enabled":false},"version":2}},"categories":[6],"tags":[],"class_list":["post-988","post","type-post","status-publish","format-standard","has-post-thumbnail","hentry","category-educacao"],"jetpack_publicize_connections":[],"jetpack_featured_media_url":"https:\/\/i0.wp.com\/oexpressobr.com.br\/wp-content\/uploads\/2025\/12\/574360463_25264033686539026_8761972290046758142_n.jpg?fit=1061%2C1056&ssl=1","jetpack_likes_enabled":true,"jetpack_sharing_enabled":true,"_links":{"self":[{"href":"https:\/\/oexpressobr.com.br\/index.php?rest_route=\/wp\/v2\/posts\/988","targetHints":{"allow":["GET"]}}],"collection":[{"href":"https:\/\/oexpressobr.com.br\/index.php?rest_route=\/wp\/v2\/posts"}],"about":[{"href":"https:\/\/oexpressobr.com.br\/index.php?rest_route=\/wp\/v2\/types\/post"}],"author":[{"embeddable":true,"href":"https:\/\/oexpressobr.com.br\/index.php?rest_route=\/wp\/v2\/users\/1"}],"replies":[{"embeddable":true,"href":"https:\/\/oexpressobr.com.br\/index.php?rest_route=%2Fwp%2Fv2%2Fcomments&post=988"}],"version-history":[{"count":1,"href":"https:\/\/oexpressobr.com.br\/index.php?rest_route=\/wp\/v2\/posts\/988\/revisions"}],"predecessor-version":[{"id":990,"href":"https:\/\/oexpressobr.com.br\/index.php?rest_route=\/wp\/v2\/posts\/988\/revisions\/990"}],"wp:featuredmedia":[{"embeddable":true,"href":"https:\/\/oexpressobr.com.br\/index.php?rest_route=\/wp\/v2\/media\/989"}],"wp:attachment":[{"href":"https:\/\/oexpressobr.com.br\/index.php?rest_route=%2Fwp%2Fv2%2Fmedia&parent=988"}],"wp:term":[{"taxonomy":"category","embeddable":true,"href":"https:\/\/oexpressobr.com.br\/index.php?rest_route=%2Fwp%2Fv2%2Fcategories&post=988"},{"taxonomy":"post_tag","embeddable":true,"href":"https:\/\/oexpressobr.com.br\/index.php?rest_route=%2Fwp%2Fv2%2Ftags&post=988"}],"curies":[{"name":"wp","href":"https:\/\/api.w.org\/{rel}","templated":true}]}}